[{"@context":"https:\/\/schema.org\/","@type":"Article","@id":"https:\/\/www.lucraco.cz\/zijte-svuj-sen-prestante-pouze-snit\/#Article","mainEntityOfPage":"https:\/\/www.lucraco.cz\/zijte-svuj-sen-prestante-pouze-snit\/","headline":"\u017dijte sv\u016fj sen, p\u0159esta\u0148te pouze sn\u00edt!","name":"\u017dijte sv\u016fj sen, p\u0159esta\u0148te pouze sn\u00edt!","description":"Ano, \u010dtete spr\u00e1vn\u011b! Zab\u00fdv\u00e1me se prodejem nemovitost\u00ed v Chorvatsku na kouzeln\u00e9m m\u00edst\u011b, jm\u00e9nem Chorvatsko. Nebu\u010fte na omylu, nenab\u00edz\u00edme &#8222;profl\u00e1knut\u00e9&#8220; m\u00edsta na p\u0159elidn\u011bn\u00fdch pl\u00e1\u017e\u00edch. Naopak si velice pova\u017eujeme na\u0161ich klient\u016f, a [&hellip;]","datePublished":"2024-05-06","dateModified":"2024-06-07","author":{"@type":"Person","@id":"https:\/\/www.lucraco.cz\/author\/#Person","name":"","url":"https:\/\/www.lucraco.cz\/author\/","identifier":1,"image":{"@type":"ImageObject","@id":"https:\/\/secure.gravatar.com\/avatar\/046c8368865b87ac6ea06cde0e0a80b91304a43fe31de210702ad59bbd9a1974?s=96&d=mm&r=g","url":"https:\/\/secure.gravatar.com\/avatar\/046c8368865b87ac6ea06cde0e0a80b91304a43fe31de210702ad59bbd9a1974?s=96&d=mm&r=g","height":96,"width":96}},"publisher":{"@type":"Organization","name":"lucraco.cz","logo":{"@type":"ImageObject","@id":"\/logo.png","url":"\/logo.png","width":600,"height":60}},"image":{"@type":"ImageObject","@id":"https:\/\/www.lucraco.cz\/wp-content\/uploads\/croatia-8123037_640_5.jpg","url":"https:\/\/www.lucraco.cz\/wp-content\/uploads\/croatia-8123037_640_5.jpg","height":0,"width":0},"url":"https:\/\/www.lucraco.cz\/zijte-svuj-sen-prestante-pouze-snit\/","about":["Business"],"wordCount":448,"articleBody":"   Ano, \u010dtete spr\u00e1vn\u011b! Zab\u00fdv\u00e1me se prodejem nemovitost\u00ed v Chorvatsku na kouzeln\u00e9m m\u00edst\u011b, jm\u00e9nem Chorvatsko. Nebu\u010fte na omylu, nenab\u00edz\u00edme &#8222;profl\u00e1knut\u00e9&#8220; m\u00edsta na p\u0159elidn\u011bn\u00fdch pl\u00e1\u017e\u00edch. Naopak si velice pova\u017eujeme na\u0161ich klient\u016f, a chceme pro n\u011b jen to nejlep\u0161\u00ed. Sta\u010d\u00ed si rozkliknout n\u00e1\u0161 online web, a zjist\u00edte, na jak n\u00e1dhern\u00e9m m\u00edst\u011b m\u016f\u017eete \u017e\u00edt! Pokud m\u00e1me b\u00fdt p\u0159esn\u011bj\u0161\u00ed, jedn\u00e1 se o prodej apartm\u00e1n\u016f p\u0159\u00edmo na pl\u00e1\u017ei s v\u00fdhledem na mo\u0159e. \u0158ekn\u011bte sami, nechcete se i Vy probouzet do proslun\u011bn\u00fdch dn\u016f, \u0161um\u011bn\u00ed mo\u0159e s tak dech berouc\u00edm v\u00fdhledem? A z\u00e1rove\u0148 se tak nemuset vzd\u00e1t v\u0161eho, na co jste zvykl\u00ed, \u010di neb\u00fdt tis\u00edce kilometr\u016f daleko od Va\u0161ich bl\u00edzk\u00fdch? Pohodln\u011b se sem z \u010desk\u00e9 republiky dostanete b\u011bhem p\u00e1r hodin a je pouze na V\u00e1s, zda tu pl\u00e1nujete str\u00e1vit cel\u00e9 l\u00e9to, kter\u00e9 trv\u00e1 podstatn\u011b d\u00e9le ne\u017e u n\u00e1s, proto\u017ee sezona tady nekon\u010d\u00ed srpnem, ale v sluncem vyh\u0159\u00e1t\u00e9m mo\u0159i se vykoupete klidn\u011b i na konci z\u00e1\u0159\u00ed. Nic V\u00e1m nebude br\u00e1nit tomu, str\u00e1vit zde n\u011bkolik m\u011bs\u00edc\u016f, \u010di jen n\u011bkolik t\u00fddn\u016f. V\u00e1\u0161 apartm\u00e1n m\u016f\u017ee b\u00fdt tak\u00e9 vynikaj\u00edc\u00ed p\u0159\u00edle\u017eitost, jak investovat finance s t\u00e9m\u011b\u0159 100% garanc\u00ed, \u017ee se V\u00e1m pen\u00edze vr\u00e1t\u00ed, jeliko\u017e se jedn\u00e1 o velice n\u00e1dhernou lokalitu. Naopak pokud nebudete cht\u00edt, aby V\u00e1m do apartm\u00e1nu kdokoliv vstupoval, tak se tak\u00e9 stane. Z\u00e1le\u017e\u00ed pouze na V\u00e1s. V \u017e\u00e1dn\u00e9m z apartm\u00e1n\u016f nebude chyb\u011bt balkon a pro p\u0159\u00edzemn\u00ed apartm\u00e1ny bude p\u0159ipravena n\u00e1dhern\u00e1 vlastn\u00ed terasa se samostatn\u00fdm vchodem. Nab\u00edz\u00edme apartm\u00e1ny o r\u016fzn\u00fdch velikostech, a to bu\u010f dvou, nebo t\u0159\u00edpokojov\u00e9 apartm\u00e1ny, kter\u00e9 budou ji\u017e na ja\u0159e 2026 k nast\u011bhov\u00e1n\u00ed! Cel\u00fd tento projekt bude \u00fapln\u011b nov\u00fd, pokoje budou modern\u011b za\u0159\u00edzeny, av\u0161ak z\u00e1le\u017e\u00ed pouze na V\u00e1s, jak si sv\u016fj apartm\u00e1n dovybav\u00edte tak, abyste se zde c\u00edtili co nejl\u00e9pe. Samoz\u0159ejmost\u00ed je podpora a p\u0159\u00edpadn\u00e9 rady z na\u0161\u00ed strany. Nev\u00e1hejte a kontaktujte n\u00e1s. Odte\u010f u\u017e nebudete muset po\u010d\u00edtat dny, kdy skon\u010d\u00ed zima a za\u010dne l\u00e9to, budete m\u00edt l\u00e9to minim\u00e1ln\u011b p\u016fl roku v kuse, ani po zbytek roku zde neb\u00fdv\u00e1 tolik chladno, jako je tomu u n\u00e1s v \u010desk\u00e9 republice. Budeme se t\u011b\u0161it na Va\u0161e zkontaktov\u00e1n\u00ed!                                                                                                                                                                                                                                                                                                                                                                                                   "},{"@context":"https:\/\/schema.org\/","@type":"BreadcrumbList","itemListElement":[{"@type":"ListItem","position":1,"name":"\u017dijte sv\u016fj sen, p\u0159esta\u0148te pouze sn\u00edt!","item":"https:\/\/www.lucraco.cz\/zijte-svuj-sen-prestante-pouze-snit\/#breadcrumbitem"}]}]