[{"@context":"https:\/\/schema.org\/","@type":"Article","@id":"https:\/\/www.lucraco.cz\/zateplujeme-fasadu-mineralni-vatou\/#Article","mainEntityOfPage":"https:\/\/www.lucraco.cz\/zateplujeme-fasadu-mineralni-vatou\/","headline":"Zateplujeme fas\u00e1du miner\u00e1ln\u00ed vatou","name":"Zateplujeme fas\u00e1du miner\u00e1ln\u00ed vatou","description":"Bydl\u00edte v bytov\u00e9m dom\u011b a rozhodli jste se, \u017ee zatepl\u00edte miner\u00e1ln\u00ed vatou domovn\u00ed fas\u00e1du, a \u017ee z\u00e1rove\u0148 oblo\u017e\u00edte n\u011bkter\u00e9 st\u011bny kamenem? Toto \u0159e\u0161en\u00ed jednak objekt zatepl\u00ed v\u00fdrazn\u00fdm zp\u016fsobem, a pak [&hellip;]","datePublished":"2024-07-06","dateModified":"2024-07-06","author":{"@type":"Person","@id":"https:\/\/www.lucraco.cz\/author\/#Person","name":"","url":"https:\/\/www.lucraco.cz\/author\/","identifier":1,"image":{"@type":"ImageObject","@id":"https:\/\/secure.gravatar.com\/avatar\/046c8368865b87ac6ea06cde0e0a80b91304a43fe31de210702ad59bbd9a1974?s=96&d=mm&r=g","url":"https:\/\/secure.gravatar.com\/avatar\/046c8368865b87ac6ea06cde0e0a80b91304a43fe31de210702ad59bbd9a1974?s=96&d=mm&r=g","height":96,"width":96}},"publisher":{"@type":"Organization","name":"lucraco.cz","logo":{"@type":"ImageObject","@id":"\/logo.png","url":"\/logo.png","width":600,"height":60}},"image":{"@type":"ImageObject","@id":"https:\/\/www.lucraco.cz\/wp-content\/uploads\/framework-1379633_640_2.jpg","url":"https:\/\/www.lucraco.cz\/wp-content\/uploads\/framework-1379633_640_2.jpg","height":0,"width":0},"url":"https:\/\/www.lucraco.cz\/zateplujeme-fasadu-mineralni-vatou\/","about":["Business"],"wordCount":407,"articleBody":"   Bydl\u00edte v bytov\u00e9m dom\u011b a rozhodli jste se, \u017ee zatepl\u00edte miner\u00e1ln\u00ed vatou domovn\u00ed fas\u00e1du, a \u017ee z\u00e1rove\u0148 oblo\u017e\u00edte n\u011bkter\u00e9 st\u011bny kamenem? Toto \u0159e\u0161en\u00ed jednak objekt zatepl\u00ed v\u00fdrazn\u00fdm zp\u016fsobem, a pak bude d\u00edky obkladov\u00e9mu kameni \u010d\u00e1st fas\u00e1dy velmi ozdobn\u00e1. Pokud se toto prov\u00e1d\u00ed nap\u0159\u00edklad v horsk\u00e9m ter\u00e9nu u n\u00edzkopodla\u017en\u00edch bytovek s n\u00e1stavbou se sedlovou st\u0159echou, bude d\u016fm l\u00e9pe zapadat do okoln\u00ed krajiny, ne\u017e p\u0159edt\u00edm.Zateplov\u00e1n\u00ed fas\u00e1d bytov\u00fdch dom\u016f prov\u00e1d\u00ed zpravidla profesion\u00e1ln\u00ed stavebn\u00ed firmy, ale jistou mo\u017enost\u00ed je vytv\u00e1\u0159et tyto stavebn\u00ed pr\u00e1ce sv\u00e9pomoc\u00ed. Toto je mo\u017en\u00e9 nap\u0159\u00edklad ve chv\u00edli, kdy je n\u011bkdo z p\u0159\u00edtomn\u00fdch obyvatel domu stavebn\u00ed technik, a m\u00e1 jist\u00e9 zku\u0161enosti s prac\u00ed tohoto typu na domovn\u00edch fas\u00e1d\u00e1ch. Pokud se d\u00e1 dohromady v\u011bt\u0161\u00ed po\u010det pracovn\u00edk\u016f, kte\u0159\u00ed jsou \u0161ikovn\u00ed a ochotn\u00ed ke spolupr\u00e1ci, pak lze zateplov\u00e1n\u00ed fas\u00e1dy zvl\u00e1dnout velice levn\u011b i bez stavebn\u00ed spole\u010dnosti.Za\u010dn\u011bte pron\u00e1jmem le\u0161en\u00edJakmile se dohodnete a napl\u00e1nujete term\u00edn v\u00fdstavby, objednejte si le\u0161en\u00ed z p\u016fj\u010dovny. Pron\u00e1jmy le\u0161en\u00ed jsou mnohem v\u00fdhodn\u011bj\u0161\u00ed, ne\u017e jejich koup\u011b a n\u00e1sledn\u00fd prodej, nehled\u011b na to, \u017ee prodat pou\u017eit\u00e9 le\u0161en\u00ed, kter\u00e9 jste vyu\u017eili by\u0165 jen jednou, nen\u00ed tak jednoduch\u00e9. Cenu p\u016fj\u010den\u00ed le\u0161en\u00ed Rabas le\u0161en\u00ed snadno zjist\u00edte ze zve\u0159ejn\u011bn\u00e9ho cen\u00edku.Pron\u00e1jmy le\u0161en\u00ed se zab\u00fdvaj\u00ed specializovan\u00e9 firmy, kter\u00e9 jej tak\u00e9 na objedn\u00e1vku sestav\u00ed \u2013 toto se vyplat\u00ed ka\u017ed\u00e9mu, kdo nem\u00e1 \u017e\u00e1dn\u00e9 zku\u0161enosti s mont\u00e1\u017e\u00ed le\u0161en\u00ed, nebo\u0165 se jedn\u00e1 o konstrukce, kter\u00e9 se p\u0159i \u0161patn\u00e9m ukotven\u00ed mohou z\u0159\u00edtit a n\u011bkoho usmrtit. Z\u0159\u00edcen\u00ed le\u0161en\u00ed je bohu\u017eel jev, kter\u00fd u\u017e se p\u0159ihodil, a to dokonce v centru Prahy, a byl nafilmov\u00e1n bezpe\u010dnostn\u00ed kamerou. Tehdy na\u0161t\u011bst\u00ed nebyl nikdo zran\u011bn, ale kdyby v tu chv\u00edli n\u011bkdo a le\u0161en\u00ed byl, mohlo by to skon\u010dit tragicky. Le\u0161en\u00ed si m\u016f\u017eete pronajmout na libovoln\u011b dlouhou dobu, a v kter\u00e9mkoli ro\u010dn\u00edm obdob\u00ed, v\u0161e z\u00e1le\u017e\u00ed na dohod\u011b s pronaj\u00edmatelem a va\u0161ich \u010dasov\u00fdch i finan\u010dn\u00edch mo\u017enostech.                                                                                                                                                                                                                                                                                                                                                                                                  "},{"@context":"https:\/\/schema.org\/","@type":"BreadcrumbList","itemListElement":[{"@type":"ListItem","position":1,"name":"Zateplujeme fas\u00e1du miner\u00e1ln\u00ed vatou","item":"https:\/\/www.lucraco.cz\/zateplujeme-fasadu-mineralni-vatou\/#breadcrumbitem"}]}]