[{"@context":"https:\/\/schema.org\/","@type":"Article","@id":"https:\/\/www.lucraco.cz\/starost-o-pribuzneho-na-invalidnim-voziku\/#Article","mainEntityOfPage":"https:\/\/www.lucraco.cz\/starost-o-pribuzneho-na-invalidnim-voziku\/","headline":"Starost o p\u0159\u00edbuzn\u00e9ho na invalidn\u00edm voz\u00edku","name":"Starost o p\u0159\u00edbuzn\u00e9ho na invalidn\u00edm voz\u00edku","description":"Pokud se v bl\u00edzk\u00e9m okol\u00ed star\u00e1te o \u010dlena rodiny na invalidn\u00edm voz\u00edku, je to jist\u011b hodn\u011b n\u00e1ro\u010dn\u00e9. Krom\u011b toho, \u017ee se t\u00edm p\u00e1dem ud\u00e1ly ve Va\u0161\u00ed rodin\u011b slo\u017eit\u00e9 v\u011bci, se [&hellip;]","datePublished":"2023-08-25","dateModified":"2023-08-25","author":{"@type":"Person","@id":"https:\/\/www.lucraco.cz\/author\/#Person","name":"","url":"https:\/\/www.lucraco.cz\/author\/","identifier":1,"image":{"@type":"ImageObject","@id":"https:\/\/secure.gravatar.com\/avatar\/046c8368865b87ac6ea06cde0e0a80b91304a43fe31de210702ad59bbd9a1974?s=96&d=mm&r=g","url":"https:\/\/secure.gravatar.com\/avatar\/046c8368865b87ac6ea06cde0e0a80b91304a43fe31de210702ad59bbd9a1974?s=96&d=mm&r=g","height":96,"width":96}},"publisher":{"@type":"Organization","name":"lucraco.cz","logo":{"@type":"ImageObject","@id":"\/logo.png","url":"\/logo.png","width":600,"height":60}},"image":{"@type":"ImageObject","@id":"https:\/\/www.lucraco.cz\/wp-content\/uploads\/wheelchair-1595794_640.jpg","url":"https:\/\/www.lucraco.cz\/wp-content\/uploads\/wheelchair-1595794_640.jpg","height":0,"width":0},"url":"https:\/\/www.lucraco.cz\/starost-o-pribuzneho-na-invalidnim-voziku\/","about":["Nakupov\u00e1n\u00ed"],"wordCount":418,"articleBody":"   Pokud se v bl\u00edzk\u00e9m okol\u00ed star\u00e1te o \u010dlena rodiny na invalidn\u00edm voz\u00edku, je to jist\u011b hodn\u011b n\u00e1ro\u010dn\u00e9. Krom\u011b toho, \u017ee se t\u00edm p\u00e1dem ud\u00e1ly ve Va\u0161\u00ed rodin\u011b slo\u017eit\u00e9 v\u011bci, se kter\u00fdmi jste se musili n\u011bjak\u00fdm ur\u010dit\u00fdm zp\u016fsobem poradit, ale nav\u00edc na V\u00e1s jist\u011b p\u0159ist\u00e1ly povinnosti, kter\u00e9 nejsou a nikdy nebudou jednoduch\u00e9. Starost o \u010dlov\u011bka na invalidn\u00edm voz\u00edku se d\u00e1 srovnat s pe\u010dov\u00e1n\u00edm o \u010derstv\u011b narozen\u00e9 d\u011b\u0165\u00e1tko. Je toho tolik, co v\u0161echno se mus\u00edte nau\u010dit, \u017ee jste jist\u011b ze za\u010d\u00e1tku m\u011bli dojem, \u017ee to v\u016fbec nikdy ne m\u016f\u017ee ete zvl\u00e1dnout. Jen d\u00edky sv\u00e9 ob\u011btavosti a pravd\u011bpodobn\u011b l\u00e1sce, kterou v\u016f\u010di sv\u00e9mu nemohouc\u00edmu bli\u017en\u00edmu c\u00edt\u00edte, V\u00e1m pomohla a Vy jste v\u0161e zvl\u00e1dli. Jedn\u00e1 se o \u00fapln\u011b jin\u00fd \u017eivot, tak\u017ee se nen\u00ed \u010demu divit, \u017ee V\u00e1m to jist\u011b dalo docela zabrat. P\u0159i p\u00e9\u010di o imobiln\u00edho p\u0159\u00edbuzn\u00e9ho si uv\u011bdom\u00edte, kolik speci\u00e1ln\u00edch pom\u016fcek pot\u0159ebujete. Lid\u00e9 na voz\u00edku jsou toti\u017e tak\u00e9 ohro\u017eeni jin\u00fdmi probl\u00e9my, a tak si s b\u011b\u017en\u00fdmi v\u011bci nevysta\u010d\u00edte. P\u0159\u00edkladem m\u016f\u017ee b\u00fdt antidekubitn\u00ed podlo\u017eka do invalidn\u00e9ho voz\u00edka https:\/\/www.libelladesign.cz\/produkty\/libella-seat\/varia. U imobiln\u00edch pacient\u016f jsou dekubity toti\u017e pom\u011brn\u011b velk\u00fdm a \u010dast\u00fdm probl\u00e9mem, kter\u00fd je zp\u016fsoben nedostatkem pohybu. M\u00edsto, kde vznik\u00e1 dekubitus je m\u00edsto, kter\u00e9 je dlouhodob\u00fdm le\u017een\u00edm \u010di sezen\u00edm utla\u010den\u00e9.T\u00edm, \u017ee zde nedoch\u00e1z\u00ed k dostate\u010dn\u00e9mu prokrven\u00ed, vznik\u00e1 zde defekt. Ten obvykle nebol\u00ed, ale jedn\u00e1 se n\u011bkdy o hodn\u011b hlubokou r\u00e1nu, kter\u00e1 m\u016f\u017ee b\u00fdt branou vstupu pro infekci. Dekubity se tak nakonec mohou zan\u00edtit a b\u00fdt zdrojem infekce, kter\u00e1 se roznese po cel\u00e9m organismu, a\u017e nakonec zp\u016fsob\u00ed jeho smrt. P\u0159i tom lze jednoduch\u00fdmi triky jako je polohov\u00e1n\u00ed a vyu\u017e\u00edv\u00e1n\u00ed speci\u00e1ln\u00edch podlo\u017eek, jejich vzniku docela dob\u0159e zabr\u00e1nit. Ale v\u0161echno, i tato \u010dinnost, pot\u0159ebuje \u010das, ne\u017e si dok\u00e1\u017eete uv\u011bdomit, co v\u0161e mus\u00edte jako prevenci ud\u011blat a \u010demu se vyhnout. Na\u0161t\u011bst\u00ed, dnes ji\u017e nen\u00ed tak t\u011b\u017ek\u00e9 naj\u00edt pomocnou ruku.                                                                                                                                                                                                                                                                                                                                                                                                  "},{"@context":"https:\/\/schema.org\/","@type":"BreadcrumbList","itemListElement":[{"@type":"ListItem","position":1,"name":"Starost o p\u0159\u00edbuzn\u00e9ho na invalidn\u00edm voz\u00edku","item":"https:\/\/www.lucraco.cz\/starost-o-pribuzneho-na-invalidnim-voziku\/#breadcrumbitem"}]}]