[{"@context":"https:\/\/schema.org\/","@type":"Article","@id":"https:\/\/www.lucraco.cz\/pujcovna-karavanu\/#Article","mainEntityOfPage":"https:\/\/www.lucraco.cz\/pujcovna-karavanu\/","headline":"P\u016fj\u010dovna karavan\u016f","name":"P\u016fj\u010dovna karavan\u016f","description":"Na\u0161e p\u016fj\u010dovna karavan\u016f V\u00e1m nab\u00edz\u00ed sv\u00e9 \u0161pi\u010dkov\u00e9 slu\u017eby za velice rozumn\u00e9 ceny. Pronajm\u011bte si u n\u00e1s karavan ji\u017e od 850,- K\u010d za den a rozhodn\u011b nebudete litovat. Ve\u0161ker\u00e9 karavany a [&hellip;]","datePublished":"2025-03-09","dateModified":"2025-03-09","author":{"@type":"Person","@id":"https:\/\/www.lucraco.cz\/author\/#Person","name":"","url":"https:\/\/www.lucraco.cz\/author\/","identifier":1,"image":{"@type":"ImageObject","@id":"https:\/\/secure.gravatar.com\/avatar\/046c8368865b87ac6ea06cde0e0a80b91304a43fe31de210702ad59bbd9a1974?s=96&d=mm&r=g","url":"https:\/\/secure.gravatar.com\/avatar\/046c8368865b87ac6ea06cde0e0a80b91304a43fe31de210702ad59bbd9a1974?s=96&d=mm&r=g","height":96,"width":96}},"publisher":{"@type":"Organization","name":"lucraco.cz","logo":{"@type":"ImageObject","@id":"\/logo.png","url":"\/logo.png","width":600,"height":60}},"url":"https:\/\/www.lucraco.cz\/pujcovna-karavanu\/","wordCount":176,"articleBody":"Na\u0161e p\u016fj\u010dovna karavan\u016f V\u00e1m nab\u00edz\u00ed sv\u00e9 \u0161pi\u010dkov\u00e9 slu\u017eby za velice rozumn\u00e9 ceny. Pronajm\u011bte si u n\u00e1s karavan ji\u017e od 850,- K\u010d za den a rozhodn\u011b nebudete litovat. Ve\u0161ker\u00e9 karavany a obytn\u00e9 p\u0159\u00edv\u011bsy jsou ve velice dobr\u00e9m stavu. Nab\u00edz\u00edme je na\u0161im z\u00e1kazn\u00edk\u016fm s pln\u00fdm p\u0159\u00edslu\u0161enstv\u00edm v\u010detn\u011b n\u00e1dob\u00ed. Prvn\u00ed a posledn\u00ed den pron\u00e1jmu je zdarma.Na\u0161e p\u016fj\u010dovna karavan\u016f nab\u00edz\u00ed i kvalitn\u00ed servisn\u00ed slu\u017eby a tak\u00e9 prodej r\u016fzn\u00fdch karavan\u016f a obytn\u00fdch p\u0159\u00edv\u011bs\u016f.. Ve\u0161ker\u00e9 na\u0161e karavany maj\u00ed \u010desk\u00fd technick\u00fd pr\u016fkaz, tak\u017ee jsou ve v\u00fdborn\u00e9m stavu. Na\u0161e servisn\u00ed slu\u017eba je schopna u Va\u0161eho karavanu naj\u00edt i to nejmen\u0161\u00ed zat\u00e9k\u00e1n\u00ed.V\u00fdborn\u00e9 cenyJste-li z Brna, za dopraven\u00ed karavanu na m\u00edsto ur\u010den\u00ed neplat\u00ed \u017e\u00e1dn\u00e9 pen\u00edze. Obytn\u00e9 p\u0159\u00edv\u011bsy na\u0161e p\u016fj\u010dovna karavan\u016f dov\u00e1\u017e\u00ed dokonce a\u017e z dalek\u00e9 Anglie.                                                                                                                                                                                                                                                                                                                                                                                                "},{"@context":"https:\/\/schema.org\/","@type":"BreadcrumbList","itemListElement":[{"@type":"ListItem","position":1,"name":"P\u016fj\u010dovna karavan\u016f","item":"https:\/\/www.lucraco.cz\/pujcovna-karavanu\/#breadcrumbitem"}]}]