[{"@context":"https:\/\/schema.org\/","@type":"Article","@id":"https:\/\/www.lucraco.cz\/prohlednout-si-novy-mobilni-dum-muzete-i-vy\/#Article","mainEntityOfPage":"https:\/\/www.lucraco.cz\/prohlednout-si-novy-mobilni-dum-muzete-i-vy\/","headline":"Prohl\u00e9dnout si nov\u00fd mobiln\u00ed d\u016fm m\u016f\u017eete i vy","name":"Prohl\u00e9dnout si nov\u00fd mobiln\u00ed d\u016fm m\u016f\u017eete i vy","description":"Je v\u00edce lid\u00ed, kte\u0159\u00ed cht\u011bj\u00ed zcela nov\u00fd mobiln\u00ed d\u016fm ne\u017e t\u011bch, kte\u0159\u00ed nov\u00fd mobiln\u00ed d\u016fm necht\u011bj\u00ed a vysta\u010d\u00ed si s t\u00edm, ve kter\u00e9m ji\u017e n\u011bkdo n\u011bkdy fungoval, ale do\u0161el k [&hellip;]","datePublished":"2022-10-15","dateModified":"2022-10-15","author":{"@type":"Person","@id":"https:\/\/www.lucraco.cz\/author\/#Person","name":"","url":"https:\/\/www.lucraco.cz\/author\/","identifier":1,"image":{"@type":"ImageObject","@id":"https:\/\/secure.gravatar.com\/avatar\/046c8368865b87ac6ea06cde0e0a80b91304a43fe31de210702ad59bbd9a1974?s=96&d=mm&r=g","url":"https:\/\/secure.gravatar.com\/avatar\/046c8368865b87ac6ea06cde0e0a80b91304a43fe31de210702ad59bbd9a1974?s=96&d=mm&r=g","height":96,"width":96}},"publisher":{"@type":"Organization","name":"lucraco.cz","logo":{"@type":"ImageObject","@id":"\/logo.png","url":"\/logo.png","width":600,"height":60}},"image":{"@type":"ImageObject","@id":"https:\/\/www.lucraco.cz\/wp-content\/uploads\/inte.JPG","url":"https:\/\/www.lucraco.cz\/wp-content\/uploads\/inte.JPG","height":0,"width":0},"url":"https:\/\/www.lucraco.cz\/prohlednout-si-novy-mobilni-dum-muzete-i-vy\/","about":["Bydlen\u00ed"],"wordCount":459,"articleBody":"      Je v\u00edce lid\u00ed, kte\u0159\u00ed cht\u011bj\u00ed zcela nov\u00fd mobiln\u00ed d\u016fm ne\u017e t\u011bch, kte\u0159\u00ed nov\u00fd mobiln\u00ed d\u016fm necht\u011bj\u00ed a vysta\u010d\u00ed si s t\u00edm, ve kter\u00e9m ji\u017e n\u011bkdo n\u011bkdy fungoval, ale do\u0161el k tomu, \u017ee mobiln\u00ed d\u016fm na konec nebude pro n\u011bj. Dan\u00fd d\u016fm tak z\u016fstal osamocen a \u010dek\u00e1 na nov\u00e9ho majitele. Pokud se zajdete pod\u00edvat na nov\u00e9 mobiln\u00ed domy do jedn\u00e9 spole\u010dnosti, kter\u00e1 takov\u00e9 domy vyr\u00e1b\u00ed a tak\u00e9 prod\u00e1v\u00e1, jist\u011b v\u00e1m budou uk\u00e1z\u00e1ny mobiln\u00ed domy, kter\u00e9 ji\u017e byly zhotoveny a slou\u017e\u00ed jako vzor pro ty, kte\u0159\u00ed by se cht\u011bli pod\u00edvat, jestli by si dok\u00e1zali p\u0159edstavit v dan\u00e9m dom\u011b \u017e\u00edt.Jsou lid\u00e9, kte\u0159\u00ed jsou natolik zvykl\u00ed na luxus, \u017ee si nedovedou p\u0159edstavit, \u017ee by v takov\u00e9m mobiln\u00edm dom\u011b mohli fungovat. Jsou ale i lid\u00e9, kte\u0159\u00ed jsou velice skromn\u00ed a kter\u00fdm by n\u011bco takov\u00e9ho sta\u010dilo. N\u011bkte\u0159\u00ed lid\u00e9 by rozhodn\u011b nem\u011bli probl\u00e9m v takov\u00e9m mobiln\u00edm dom\u011b fungovat, ale ur\u010dit\u011b by se na\u0161la spousta t\u011bch, kte\u0159\u00ed by dan\u00e9 lidi za n\u011bco takov\u00e9ho za\u010dali odsuzovat. Je ale pot\u0159eba br\u00e1t to tak, \u017ee vy jste t\u011bmi, kte\u0159\u00ed se maj\u00ed rozhodnout, zda v\u00e1m bude n\u011bco takov\u00e9ho sta\u010dit nebo budete utr\u00e1cet a\u017e p\u0159\u00edli\u0161 mnoho pen\u011bz za ob\u0159\u00ed d\u016fm, kde v\u00e1s energie vyjdou velice draho. Je mnoho dom\u00e1cnost\u00ed, kter\u00e9 maj\u00ed probl\u00e9m ut\u00e1hnout dne\u0161n\u00ed ceny za energie a lid\u00e9, kte\u0159\u00ed v dan\u00fdch dom\u00e1cnostech bydl\u00ed, by velice ocenili, pokud by nyn\u00ed bydleli v n\u011b\u010dem men\u0161\u00edm, kde u\u0161et\u0159\u00ed a to pr\u00e1v\u011b proto, \u017ee dan\u00e9 bydlen\u00ed nebude p\u0159\u00edli\u0161 velk\u00e9. T\u00edm, \u017ee doch\u00e1z\u00ed k tomu, \u017ee se ceny za energie neust\u00e1le zvy\u0161uj\u00ed, lid\u00e9 za\u010dali mnohem v\u00edce mobiln\u00ed domy popt\u00e1vat a \u010dasto uva\u017euj\u00ed nad t\u00edm, \u017ee by do takov\u00e9ho mobiln\u00edho domu \u0161li a to i p\u0159esto, \u017ee je\u0161t\u011b nena\u0161li takov\u00fd, kter\u00fd by se jim l\u00edbil. Pokud i vy chcete u\u0161et\u0159it a v\u00edte, \u017ee by se v\u00e1m takov\u00fd mobiln\u00ed d\u016fm mohl l\u00edbit, proto\u017ee jsou zde v\u011bci, kter\u00e9 si \u010dlov\u011bk m\u016f\u017ee nechat do dan\u00e9ho mobiln\u00edho domu ud\u011blat na p\u0159\u00e1n\u00ed, ur\u010dit\u011b je to dobr\u00e1 mo\u017enost z hlediska financ\u00ed. Jestli\u017ee byste se pro mobiln\u00ed d\u016fm rozhodli i vy, ur\u010dit\u011b neposlouchejte negativn\u00ed n\u00e1zory ostatn\u00edch, proto\u017ee pr\u00e1v\u011b ti si neuv\u011bdomuj\u00ed, kolik d\u00edky n\u011b\u010demu takov\u00e9mu m\u016f\u017ee \u010dlov\u011bk u\u0161et\u0159it.                                                                                                                                                                                                                                                                                                                                                                                                  "},{"@context":"https:\/\/schema.org\/","@type":"BreadcrumbList","itemListElement":[{"@type":"ListItem","position":1,"name":"Prohl\u00e9dnout si nov\u00fd mobiln\u00ed d\u016fm m\u016f\u017eete i vy","item":"https:\/\/www.lucraco.cz\/prohlednout-si-novy-mobilni-dum-muzete-i-vy\/#breadcrumbitem"}]}]