[{"@context":"https:\/\/schema.org\/","@type":"Blog","@id":"https:\/\/www.lucraco.cz#Blog","headline":"Lucraco","description":"\nJsou okolnosti, za kter\u00fdch by bylo bez ciz\u00ed pomoci zaru\u010den\u011b ouvej. Ale d\u00edky tomu, \u017ee existuje n\u00e1\u0161 web, se \u010dasto da\u0159\u00ed probl\u00e9my zd\u00e1rn\u011b p\u0159ekonat.","url":"https:\/\/www.lucraco.cz","hasPart":[{"@type":"Article","@id":"https:\/\/www.lucraco.cz\/garaz-by-nemela-chybet\/","headline":"Gar\u00e1\u017e by nem\u011bla chyb\u011bt","url":"https:\/\/www.lucraco.cz\/garaz-by-nemela-chybet\/","datePublished":"2024-11-27","dateModified":"2024-11-27","mainEntityOfPage":"https:\/\/www.lucraco.cz\/garaz-by-nemela-chybet\/","author":{"@type":"Person","@id":"https:\/\/www.lucraco.cz\/author\/#Person","name":"","url":"https:\/\/www.lucraco.cz\/author\/","identifier":1,"image":{"@type":"ImageObject","@id":"https:\/\/secure.gravatar.com\/avatar\/046c8368865b87ac6ea06cde0e0a80b91304a43fe31de210702ad59bbd9a1974?s=96&d=mm&r=g","url":"https:\/\/secure.gravatar.com\/avatar\/046c8368865b87ac6ea06cde0e0a80b91304a43fe31de210702ad59bbd9a1974?s=96&d=mm&r=g","height":96,"width":96}},"publisher":{"@type":"Organization","name":"lucraco.cz","logo":{"@type":"ImageObject","@id":"\/logo.png","url":"\/logo.png","width":600,"height":60}},"image":{"@type":"ImageObject","@id":"https:\/\/www.lucraco.cz\/wp-content\/uploads\/pexels-curtis-adams-1694007-4258282.jpg","url":"https:\/\/www.lucraco.cz\/wp-content\/uploads\/pexels-curtis-adams-1694007-4258282.jpg","height":0,"width":0},"wordCount":564,"keywords":null},{"@type":"Article","@id":"https:\/\/www.lucraco.cz\/wellness-pobyt\/","headline":"Wellness pobyt","url":"https:\/\/www.lucraco.cz\/wellness-pobyt\/","datePublished":"2024-11-27","dateModified":"2024-11-27","mainEntityOfPage":"https:\/\/www.lucraco.cz\/wellness-pobyt\/","author":{"@type":"Person","@id":"https:\/\/www.lucraco.cz\/author\/#Person","name":"","url":"https:\/\/www.lucraco.cz\/author\/","identifier":1,"image":{"@type":"ImageObject","@id":"https:\/\/secure.gravatar.com\/avatar\/046c8368865b87ac6ea06cde0e0a80b91304a43fe31de210702ad59bbd9a1974?s=96&d=mm&r=g","url":"https:\/\/secure.gravatar.com\/avatar\/046c8368865b87ac6ea06cde0e0a80b91304a43fe31de210702ad59bbd9a1974?s=96&d=mm&r=g","height":96,"width":96}},"publisher":{"@type":"Organization","name":"lucraco.cz","logo":{"@type":"ImageObject","@id":"\/logo.png","url":"\/logo.png","width":600,"height":60}},"image":null,"wordCount":227,"keywords":null},{"@type":"Article","@id":"https:\/\/www.lucraco.cz\/mame-trpelive-a-zkusene-ucitele\/","headline":"M\u00e1me trp\u011bliv\u00e9 a zku\u0161en\u00e9 u\u010ditele","url":"https:\/\/www.lucraco.cz\/mame-trpelive-a-zkusene-ucitele\/","datePublished":"2024-11-20","dateModified":"2024-11-20","mainEntityOfPage":"https:\/\/www.lucraco.cz\/mame-trpelive-a-zkusene-ucitele\/","author":{"@type":"Person","@id":"https:\/\/www.lucraco.cz\/author\/#Person","name":"","url":"https:\/\/www.lucraco.cz\/author\/","identifier":1,"image":{"@type":"ImageObject","@id":"https:\/\/secure.gravatar.com\/avatar\/046c8368865b87ac6ea06cde0e0a80b91304a43fe31de210702ad59bbd9a1974?s=96&d=mm&r=g","url":"https:\/\/secure.gravatar.com\/avatar\/046c8368865b87ac6ea06cde0e0a80b91304a43fe31de210702ad59bbd9a1974?s=96&d=mm&r=g","height":96,"width":96}},"publisher":{"@type":"Organization","name":"lucraco.cz","logo":{"@type":"ImageObject","@id":"\/logo.png","url":"\/logo.png","width":600,"height":60}},"image":null,"wordCount":229,"keywords":null},{"@type":"Article","@id":"https:\/\/www.lucraco.cz\/jakou-mate-kuchyni\/","headline":"Jakou m\u00e1te kuchyni?","url":"https:\/\/www.lucraco.cz\/jakou-mate-kuchyni\/","datePublished":"2024-11-19","dateModified":"2024-11-19","mainEntityOfPage":"https:\/\/www.lucraco.cz\/jakou-mate-kuchyni\/","author":{"@type":"Person","@id":"https:\/\/www.lucraco.cz\/author\/#Person","name":"","url":"https:\/\/www.lucraco.cz\/author\/","identifier":1,"image":{"@type":"ImageObject","@id":"https:\/\/secure.gravatar.com\/avatar\/046c8368865b87ac6ea06cde0e0a80b91304a43fe31de210702ad59bbd9a1974?s=96&d=mm&r=g","url":"https:\/\/secure.gravatar.com\/avatar\/046c8368865b87ac6ea06cde0e0a80b91304a43fe31de210702ad59bbd9a1974?s=96&d=mm&r=g","height":96,"width":96}},"publisher":{"@type":"Organization","name":"lucraco.cz","logo":{"@type":"ImageObject","@id":"\/logo.png","url":"\/logo.png","width":600,"height":60}},"image":{"@type":"ImageObject","@id":"https:\/\/www.lucraco.cz\/wp-content\/uploads\/kkkkkkkkkk_4.jpg","url":"https:\/\/www.lucraco.cz\/wp-content\/uploads\/kkkkkkkkkk_4.jpg","height":0,"width":0},"wordCount":597,"keywords":null},{"@type":"Article","@id":"https:\/\/www.lucraco.cz\/paradni-jizdy\/","headline":"Par\u00e1dn\u00ed j\u00edzdy","url":"https:\/\/www.lucraco.cz\/paradni-jizdy\/","datePublished":"2024-11-11","dateModified":"2024-11-11","mainEntityOfPage":"https:\/\/www.lucraco.cz\/paradni-jizdy\/","author":{"@type":"Person","@id":"https:\/\/www.lucraco.cz\/author\/#Person","name":"","url":"https:\/\/www.lucraco.cz\/author\/","identifier":1,"image":{"@type":"ImageObject","@id":"https:\/\/secure.gravatar.com\/avatar\/046c8368865b87ac6ea06cde0e0a80b91304a43fe31de210702ad59bbd9a1974?s=96&d=mm&r=g","url":"https:\/\/secure.gravatar.com\/avatar\/046c8368865b87ac6ea06cde0e0a80b91304a43fe31de210702ad59bbd9a1974?s=96&d=mm&r=g","height":96,"width":96}},"publisher":{"@type":"Organization","name":"lucraco.cz","logo":{"@type":"ImageObject","@id":"\/logo.png","url":"\/logo.png","width":600,"height":60}},"image":null,"wordCount":203,"keywords":null},{"@type":"Article","@id":"https:\/\/www.lucraco.cz\/kde-si-pujcit-penize\/","headline":"Kde si p\u016fj\u010dit pen\u00edze?","url":"https:\/\/www.lucraco.cz\/kde-si-pujcit-penize\/","datePublished":"2024-11-09","dateModified":"2024-11-09","mainEntityOfPage":"https:\/\/www.lucraco.cz\/kde-si-pujcit-penize\/","author":{"@type":"Person","@id":"https:\/\/www.lucraco.cz\/author\/#Person","name":"","url":"https:\/\/www.lucraco.cz\/author\/","identifier":1,"image":{"@type":"ImageObject","@id":"https:\/\/secure.gravatar.com\/avatar\/046c8368865b87ac6ea06cde0e0a80b91304a43fe31de210702ad59bbd9a1974?s=96&d=mm&r=g","url":"https:\/\/secure.gravatar.com\/avatar\/046c8368865b87ac6ea06cde0e0a80b91304a43fe31de210702ad59bbd9a1974?s=96&d=mm&r=g","height":96,"width":96}},"publisher":{"@type":"Organization","name":"lucraco.cz","logo":{"@type":"ImageObject","@id":"\/logo.png","url":"\/logo.png","width":600,"height":60}},"image":{"@type":"ImageObject","@id":"https:\/\/www.lucraco.cz\/wp-content\/uploads\/pppp_10_10_10_1.jpg","url":"https:\/\/www.lucraco.cz\/wp-content\/uploads\/pppp_10_10_10_1.jpg","height":0,"width":0},"wordCount":608,"keywords":null},{"@type":"Article","@id":"https:\/\/www.lucraco.cz\/zastava-je-resenim\/","headline":"Z\u00e1stava je \u0159e\u0161en\u00edm","url":"https:\/\/www.lucraco.cz\/zastava-je-resenim\/","datePublished":"2024-11-07","dateModified":"2024-11-07","mainEntityOfPage":"https:\/\/www.lucraco.cz\/zastava-je-resenim\/","author":{"@type":"Person","@id":"https:\/\/www.lucraco.cz\/author\/#Person","name":"","url":"https:\/\/www.lucraco.cz\/author\/","identifier":1,"image":{"@type":"ImageObject","@id":"https:\/\/secure.gravatar.com\/avatar\/046c8368865b87ac6ea06cde0e0a80b91304a43fe31de210702ad59bbd9a1974?s=96&d=mm&r=g","url":"https:\/\/secure.gravatar.com\/avatar\/046c8368865b87ac6ea06cde0e0a80b91304a43fe31de210702ad59bbd9a1974?s=96&d=mm&r=g","height":96,"width":96}},"publisher":{"@type":"Organization","name":"lucraco.cz","logo":{"@type":"ImageObject","@id":"\/logo.png","url":"\/logo.png","width":600,"height":60}},"image":null,"wordCount":279,"keywords":null},{"@type":"Article","@id":"https:\/\/www.lucraco.cz\/jak-je-to-s-udrzbou-nerezoveho-zabradli\/","headline":"Jak je to s \u00fadr\u017ebou nerezov\u00e9ho z\u00e1bradl\u00ed","url":"https:\/\/www.lucraco.cz\/jak-je-to-s-udrzbou-nerezoveho-zabradli\/","datePublished":"2024-11-05","dateModified":"2024-11-05","mainEntityOfPage":"https:\/\/www.lucraco.cz\/jak-je-to-s-udrzbou-nerezoveho-zabradli\/","author":{"@type":"Person","@id":"https:\/\/www.lucraco.cz\/author\/#Person","name":"","url":"https:\/\/www.lucraco.cz\/author\/","identifier":1,"image":{"@type":"ImageObject","@id":"https:\/\/secure.gravatar.com\/avatar\/046c8368865b87ac6ea06cde0e0a80b91304a43fe31de210702ad59bbd9a1974?s=96&d=mm&r=g","url":"https:\/\/secure.gravatar.com\/avatar\/046c8368865b87ac6ea06cde0e0a80b91304a43fe31de210702ad59bbd9a1974?s=96&d=mm&r=g","height":96,"width":96}},"publisher":{"@type":"Organization","name":"lucraco.cz","logo":{"@type":"ImageObject","@id":"\/logo.png","url":"\/logo.png","width":600,"height":60}},"image":{"@type":"ImageObject","@id":"https:\/\/www.lucraco.cz\/wp-content\/uploads\/bridge-7001899_640.jpg","url":"https:\/\/www.lucraco.cz\/wp-content\/uploads\/bridge-7001899_640.jpg","height":0,"width":0},"wordCount":559,"keywords":null},{"@type":"Article","@id":"https:\/\/www.lucraco.cz\/klidne-si-b2m-overte\/","headline":"Klidn\u011b si b2m ov\u011b\u0159te","url":"https:\/\/www.lucraco.cz\/klidne-si-b2m-overte\/","datePublished":"2024-10-30","dateModified":"2024-10-30","mainEntityOfPage":"https:\/\/www.lucraco.cz\/klidne-si-b2m-overte\/","author":{"@type":"Person","@id":"https:\/\/www.lucraco.cz\/author\/#Person","name":"","url":"https:\/\/www.lucraco.cz\/author\/","identifier":1,"image":{"@type":"ImageObject","@id":"https:\/\/secure.gravatar.com\/avatar\/046c8368865b87ac6ea06cde0e0a80b91304a43fe31de210702ad59bbd9a1974?s=96&d=mm&r=g","url":"https:\/\/secure.gravatar.com\/avatar\/046c8368865b87ac6ea06cde0e0a80b91304a43fe31de210702ad59bbd9a1974?s=96&d=mm&r=g","height":96,"width":96}},"publisher":{"@type":"Organization","name":"lucraco.cz","logo":{"@type":"ImageObject","@id":"\/logo.png","url":"\/logo.png","width":600,"height":60}},"image":null,"wordCount":299,"keywords":null},{"@type":"Article","@id":"https:\/\/www.lucraco.cz\/proc-si-poridit-moderni-kuchyni-v-minimalistickem-stylu\/","headline":"Pro\u010d si po\u0159\u00eddit modern\u00ed kuchyni v minimalistick\u00e9m stylu","url":"https:\/\/www.lucraco.cz\/proc-si-poridit-moderni-kuchyni-v-minimalistickem-stylu\/","datePublished":"2024-10-25","dateModified":"2024-10-25","mainEntityOfPage":"https:\/\/www.lucraco.cz\/proc-si-poridit-moderni-kuchyni-v-minimalistickem-stylu\/","author":{"@type":"Person","@id":"https:\/\/www.lucraco.cz\/author\/#Person","name":"","url":"https:\/\/www.lucraco.cz\/author\/","identifier":1,"image":{"@type":"ImageObject","@id":"https:\/\/secure.gravatar.com\/avatar\/046c8368865b87ac6ea06cde0e0a80b91304a43fe31de210702ad59bbd9a1974?s=96&d=mm&r=g","url":"https:\/\/secure.gravatar.com\/avatar\/046c8368865b87ac6ea06cde0e0a80b91304a43fe31de210702ad59bbd9a1974?s=96&d=mm&r=g","height":96,"width":96}},"publisher":{"@type":"Organization","name":"lucraco.cz","logo":{"@type":"ImageObject","@id":"\/logo.png","url":"\/logo.png","width":600,"height":60}},"image":{"@type":"ImageObject","@id":"https:\/\/www.lucraco.cz\/wp-content\/uploads\/kitchen-1872195_640_8.jpg","url":"https:\/\/www.lucraco.cz\/wp-content\/uploads\/kitchen-1872195_640_8.jpg","height":0,"width":0},"wordCount":710,"keywords":null}]},{"@context":"https:\/\/schema.org","@type":"WebSite","@id":"https:\/\/www.lucraco.cz\/#website","name":"Lucraco","url":"https:\/\/www.lucraco.cz","potentialAction":{"@type":"SearchAction","target":"https:\/\/www.lucraco.cz\/?s={search_term_string}","query-input":"required name=search_term_string"}}]