[{"@context":"https:\/\/schema.org\/","@type":"Blog","@id":"https:\/\/www.lucraco.cz#Blog","headline":"Lucraco","description":"\nJsou okolnosti, za kter\u00fdch by bylo bez ciz\u00ed pomoci zaru\u010den\u011b ouvej. Ale d\u00edky tomu, \u017ee existuje n\u00e1\u0161 web, se \u010dasto da\u0159\u00ed probl\u00e9my zd\u00e1rn\u011b p\u0159ekonat.","url":"https:\/\/www.lucraco.cz","hasPart":[{"@type":"Article","@id":"https:\/\/www.lucraco.cz\/vybavit-si-zahradu-levne-jde-to-poradime-vam\/","headline":"Vybavit si zahradu levn\u011b? Jde to! Porad\u00edme v\u00e1m","url":"https:\/\/www.lucraco.cz\/vybavit-si-zahradu-levne-jde-to-poradime-vam\/","datePublished":"2020-10-19","dateModified":"2020-10-19","mainEntityOfPage":"https:\/\/www.lucraco.cz\/vybavit-si-zahradu-levne-jde-to-poradime-vam\/","author":{"@type":"Person","@id":"https:\/\/www.lucraco.cz\/author\/#Person","name":"","url":"https:\/\/www.lucraco.cz\/author\/","identifier":1,"image":{"@type":"ImageObject","@id":"https:\/\/secure.gravatar.com\/avatar\/046c8368865b87ac6ea06cde0e0a80b91304a43fe31de210702ad59bbd9a1974?s=96&d=mm&r=g","url":"https:\/\/secure.gravatar.com\/avatar\/046c8368865b87ac6ea06cde0e0a80b91304a43fe31de210702ad59bbd9a1974?s=96&d=mm&r=g","height":96,"width":96}},"publisher":{"@type":"Organization","name":"lucraco.cz","logo":{"@type":"ImageObject","@id":"\/logo.png","url":"\/logo.png","width":600,"height":60}},"image":{"@type":"ImageObject","@id":"https:\/\/www.lucraco.cz\/wp-content\/uploads\/nov%C3%A9_posezen%C3%AD.jpg","url":"https:\/\/www.lucraco.cz\/wp-content\/uploads\/nov%C3%A9_posezen%C3%AD.jpg","height":0,"width":0},"wordCount":626,"keywords":null},{"@type":"Article","@id":"https:\/\/www.lucraco.cz\/doprejte-si-dokonalou-rozkos-ktera-vam-ukaze-uplne-novy-svet\/","headline":"Dop\u0159ejte si dokonalou rozko\u0161, kter\u00e1 V\u00e1m uk\u00e1\u017ee \u00fapln\u011b nov\u00fd sv\u011bt","url":"https:\/\/www.lucraco.cz\/doprejte-si-dokonalou-rozkos-ktera-vam-ukaze-uplne-novy-svet\/","datePublished":"2020-03-23","dateModified":"2020-03-23","mainEntityOfPage":"https:\/\/www.lucraco.cz\/doprejte-si-dokonalou-rozkos-ktera-vam-ukaze-uplne-novy-svet\/","author":{"@type":"Person","@id":"https:\/\/www.lucraco.cz\/author\/#Person","name":"","url":"https:\/\/www.lucraco.cz\/author\/","identifier":1,"image":{"@type":"ImageObject","@id":"https:\/\/secure.gravatar.com\/avatar\/046c8368865b87ac6ea06cde0e0a80b91304a43fe31de210702ad59bbd9a1974?s=96&d=mm&r=g","url":"https:\/\/secure.gravatar.com\/avatar\/046c8368865b87ac6ea06cde0e0a80b91304a43fe31de210702ad59bbd9a1974?s=96&d=mm&r=g","height":96,"width":96}},"publisher":{"@type":"Organization","name":"lucraco.cz","logo":{"@type":"ImageObject","@id":"\/logo.png","url":"\/logo.png","width":600,"height":60}},"image":{"@type":"ImageObject","@id":"https:\/\/www.lucraco.cz\/wp-content\/uploads\/massage-2350548_1280.jpg","url":"https:\/\/www.lucraco.cz\/wp-content\/uploads\/massage-2350548_1280.jpg","height":0,"width":0},"wordCount":560,"keywords":null},{"@type":"Article","@id":"https:\/\/www.lucraco.cz\/gastronomicke-zazitky-cr\/","headline":"Gastronomick\u00e9 z\u00e1\u017eitky \u010cr","url":"https:\/\/www.lucraco.cz\/gastronomicke-zazitky-cr\/","datePublished":"2020-01-11","dateModified":"2020-01-11","mainEntityOfPage":"https:\/\/www.lucraco.cz\/gastronomicke-zazitky-cr\/","author":{"@type":"Person","@id":"https:\/\/www.lucraco.cz\/author\/#Person","name":"","url":"https:\/\/www.lucraco.cz\/author\/","identifier":1,"image":{"@type":"ImageObject","@id":"https:\/\/secure.gravatar.com\/avatar\/046c8368865b87ac6ea06cde0e0a80b91304a43fe31de210702ad59bbd9a1974?s=96&d=mm&r=g","url":"https:\/\/secure.gravatar.com\/avatar\/046c8368865b87ac6ea06cde0e0a80b91304a43fe31de210702ad59bbd9a1974?s=96&d=mm&r=g","height":96,"width":96}},"publisher":{"@type":"Organization","name":"lucraco.cz","logo":{"@type":"ImageObject","@id":"\/logo.png","url":"\/logo.png","width":600,"height":60}},"image":{"@type":"ImageObject","@id":"https:\/\/www.lucraco.cz\/wp-content\/uploads\/img_a367591_w3407_t1580111273.jpg","url":"https:\/\/www.lucraco.cz\/wp-content\/uploads\/img_a367591_w3407_t1580111273.jpg","height":0,"width":0},"wordCount":726,"keywords":null},{"@type":"Article","@id":"https:\/\/www.lucraco.cz\/dukladna-analyza-celeho-webu\/","headline":"D\u016fkladn\u00e1 anal\u00fdza cel\u00e9ho webu","url":"https:\/\/www.lucraco.cz\/dukladna-analyza-celeho-webu\/","datePublished":"2019-09-10","dateModified":"2019-09-10","mainEntityOfPage":"https:\/\/www.lucraco.cz\/dukladna-analyza-celeho-webu\/","author":{"@type":"Person","@id":"https:\/\/www.lucraco.cz\/author\/#Person","name":"","url":"https:\/\/www.lucraco.cz\/author\/","identifier":1,"image":{"@type":"ImageObject","@id":"https:\/\/secure.gravatar.com\/avatar\/046c8368865b87ac6ea06cde0e0a80b91304a43fe31de210702ad59bbd9a1974?s=96&d=mm&r=g","url":"https:\/\/secure.gravatar.com\/avatar\/046c8368865b87ac6ea06cde0e0a80b91304a43fe31de210702ad59bbd9a1974?s=96&d=mm&r=g","height":96,"width":96}},"publisher":{"@type":"Organization","name":"lucraco.cz","logo":{"@type":"ImageObject","@id":"\/logo.png","url":"\/logo.png","width":600,"height":60}},"image":{"@type":"ImageObject","@id":"https:\/\/www.lucraco.cz\/wp-content\/uploads\/img_a369563_w1934_t1581616328.jpg","url":"https:\/\/www.lucraco.cz\/wp-content\/uploads\/img_a369563_w1934_t1581616328.jpg","height":0,"width":0},"wordCount":519,"keywords":null},{"@type":"Article","@id":"https:\/\/www.lucraco.cz\/restart\/","headline":"Restart","url":"https:\/\/www.lucraco.cz\/restart\/","datePublished":"2019-07-24","dateModified":"2019-07-24","mainEntityOfPage":"https:\/\/www.lucraco.cz\/restart\/","author":{"@type":"Person","@id":"https:\/\/www.lucraco.cz\/author\/#Person","name":"","url":"https:\/\/www.lucraco.cz\/author\/","identifier":1,"image":{"@type":"ImageObject","@id":"https:\/\/secure.gravatar.com\/avatar\/046c8368865b87ac6ea06cde0e0a80b91304a43fe31de210702ad59bbd9a1974?s=96&d=mm&r=g","url":"https:\/\/secure.gravatar.com\/avatar\/046c8368865b87ac6ea06cde0e0a80b91304a43fe31de210702ad59bbd9a1974?s=96&d=mm&r=g","height":96,"width":96}},"publisher":{"@type":"Organization","name":"lucraco.cz","logo":{"@type":"ImageObject","@id":"\/logo.png","url":"\/logo.png","width":600,"height":60}},"image":{"@type":"ImageObject","@id":"https:\/\/www.lucraco.cz\/wp-content\/uploads\/img_a353554_w1711_t1568090485.jpg","url":"https:\/\/www.lucraco.cz\/wp-content\/uploads\/img_a353554_w1711_t1568090485.jpg","height":0,"width":0},"wordCount":536,"keywords":null},{"@type":"Article","@id":"https:\/\/www.lucraco.cz\/zabava-pro-deti-na-zahradu\/","headline":"Z\u00e1bava pro d\u011bti na zahradu","url":"https:\/\/www.lucraco.cz\/zabava-pro-deti-na-zahradu\/","datePublished":"2019-06-17","dateModified":"2019-06-17","mainEntityOfPage":"https:\/\/www.lucraco.cz\/zabava-pro-deti-na-zahradu\/","author":{"@type":"Person","@id":"https:\/\/www.lucraco.cz\/author\/#Person","name":"","url":"https:\/\/www.lucraco.cz\/author\/","identifier":1,"image":{"@type":"ImageObject","@id":"https:\/\/secure.gravatar.com\/avatar\/046c8368865b87ac6ea06cde0e0a80b91304a43fe31de210702ad59bbd9a1974?s=96&d=mm&r=g","url":"https:\/\/secure.gravatar.com\/avatar\/046c8368865b87ac6ea06cde0e0a80b91304a43fe31de210702ad59bbd9a1974?s=96&d=mm&r=g","height":96,"width":96}},"publisher":{"@type":"Organization","name":"lucraco.cz","logo":{"@type":"ImageObject","@id":"\/logo.png","url":"\/logo.png","width":600,"height":60}},"image":{"@type":"ImageObject","@id":"https:\/\/www.lucraco.cz\/wp-content\/uploads\/img_a346145_w2177_t1560074742.jpg","url":"https:\/\/www.lucraco.cz\/wp-content\/uploads\/img_a346145_w2177_t1560074742.jpg","height":0,"width":0},"wordCount":4571,"keywords":null},{"@type":"Article","@id":"https:\/\/www.lucraco.cz\/v-cem-tkvi-umeni-podnikat\/","headline":"V \u010dem tkv\u00ed um\u011bn\u00ed podnikat?","url":"https:\/\/www.lucraco.cz\/v-cem-tkvi-umeni-podnikat\/","datePublished":"2019-06-12","dateModified":"2019-06-12","mainEntityOfPage":"https:\/\/www.lucraco.cz\/v-cem-tkvi-umeni-podnikat\/","author":{"@type":"Person","@id":"https:\/\/www.lucraco.cz\/author\/#Person","name":"","url":"https:\/\/www.lucraco.cz\/author\/","identifier":1,"image":{"@type":"ImageObject","@id":"https:\/\/secure.gravatar.com\/avatar\/046c8368865b87ac6ea06cde0e0a80b91304a43fe31de210702ad59bbd9a1974?s=96&d=mm&r=g","url":"https:\/\/secure.gravatar.com\/avatar\/046c8368865b87ac6ea06cde0e0a80b91304a43fe31de210702ad59bbd9a1974?s=96&d=mm&r=g","height":96,"width":96}},"publisher":{"@type":"Organization","name":"lucraco.cz","logo":{"@type":"ImageObject","@id":"\/logo.png","url":"\/logo.png","width":600,"height":60}},"image":{"@type":"ImageObject","@id":"https:\/\/www.lucraco.cz\/wp-content\/uploads\/img_a347959_w2906_t1562486317.jpg","url":"https:\/\/www.lucraco.cz\/wp-content\/uploads\/img_a347959_w2906_t1562486317.jpg","height":0,"width":0},"wordCount":533,"keywords":null},{"@type":"Article","@id":"https:\/\/www.lucraco.cz\/teplejsi-bazen-je-vzdy-komfortnejsi\/","headline":"Teplej\u0161\u00ed baz\u00e9n je v\u017edy komfortn\u011bj\u0161\u00ed","url":"https:\/\/www.lucraco.cz\/teplejsi-bazen-je-vzdy-komfortnejsi\/","datePublished":"2019-06-06","dateModified":"2019-06-06","mainEntityOfPage":"https:\/\/www.lucraco.cz\/teplejsi-bazen-je-vzdy-komfortnejsi\/","author":{"@type":"Person","@id":"https:\/\/www.lucraco.cz\/author\/#Person","name":"","url":"https:\/\/www.lucraco.cz\/author\/","identifier":1,"image":{"@type":"ImageObject","@id":"https:\/\/secure.gravatar.com\/avatar\/046c8368865b87ac6ea06cde0e0a80b91304a43fe31de210702ad59bbd9a1974?s=96&d=mm&r=g","url":"https:\/\/secure.gravatar.com\/avatar\/046c8368865b87ac6ea06cde0e0a80b91304a43fe31de210702ad59bbd9a1974?s=96&d=mm&r=g","height":96,"width":96}},"publisher":{"@type":"Organization","name":"lucraco.cz","logo":{"@type":"ImageObject","@id":"\/logo.png","url":"\/logo.png","width":600,"height":60}},"image":{"@type":"ImageObject","@id":"https:\/\/www.lucraco.cz\/wp-content\/uploads\/img_a351884_w1690_t1566455423.jpg","url":"https:\/\/www.lucraco.cz\/wp-content\/uploads\/img_a351884_w1690_t1566455423.jpg","height":0,"width":0},"wordCount":575,"keywords":null},{"@type":"Article","@id":"https:\/\/www.lucraco.cz\/jina-zem-jina-jidla\/","headline":"Jin\u00e1 zem, jin\u00e1 j\u00eddla","url":"https:\/\/www.lucraco.cz\/jina-zem-jina-jidla\/","datePublished":"2018-08-09","dateModified":"2018-08-09","mainEntityOfPage":"https:\/\/www.lucraco.cz\/jina-zem-jina-jidla\/","author":{"@type":"Person","@id":"https:\/\/www.lucraco.cz\/author\/#Person","name":"","url":"https:\/\/www.lucraco.cz\/author\/","identifier":1,"image":{"@type":"ImageObject","@id":"https:\/\/secure.gravatar.com\/avatar\/046c8368865b87ac6ea06cde0e0a80b91304a43fe31de210702ad59bbd9a1974?s=96&d=mm&r=g","url":"https:\/\/secure.gravatar.com\/avatar\/046c8368865b87ac6ea06cde0e0a80b91304a43fe31de210702ad59bbd9a1974?s=96&d=mm&r=g","height":96,"width":96}},"publisher":{"@type":"Organization","name":"lucraco.cz","logo":{"@type":"ImageObject","@id":"\/logo.png","url":"\/logo.png","width":600,"height":60}},"image":{"@type":"ImageObject","@id":"https:\/\/www.lucraco.cz\/wp-content\/uploads\/img_a322439_w2093_t1534069055.jpg","url":"https:\/\/www.lucraco.cz\/wp-content\/uploads\/img_a322439_w2093_t1534069055.jpg","height":0,"width":0},"wordCount":4609,"keywords":null}]},{"@context":"https:\/\/schema.org","@type":"WebSite","@id":"https:\/\/www.lucraco.cz\/#website","name":"Lucraco","url":"https:\/\/www.lucraco.cz","potentialAction":{"@type":"SearchAction","target":"https:\/\/www.lucraco.cz\/?s={search_term_string}","query-input":"required name=search_term_string"}}]