[{"@context":"https:\/\/schema.org\/","@type":"Article","@id":"https:\/\/www.lucraco.cz\/ochrana-zivotu-i-majetku\/#Article","mainEntityOfPage":"https:\/\/www.lucraco.cz\/ochrana-zivotu-i-majetku\/","headline":"Ochrana \u017eivot\u016f i majetku","name":"Ochrana \u017eivot\u016f i majetku","description":"Za\u0159izujete-li si sv\u00e9 pracovi\u0161t\u011b, kter\u00e9 sest\u00e1v\u00e1 z n\u011bkolika men\u0161\u00edch kancel\u00e1\u0159\u00ed, jist\u011b db\u00e1te na to, aby ve\u0161ker\u00e9 vybaven\u00ed bylo p\u011bkn\u00e9, funk\u010dn\u00ed a rozhodn\u011b nemus\u00ed b\u00fdt zbyte\u010dn\u011b drah\u00e9. Nezapom\u00edn\u00e1te v\u0161ak pro estetickou [&hellip;]","datePublished":"2023-05-22","dateModified":"2024-05-27","author":{"@type":"Person","@id":"https:\/\/www.lucraco.cz\/author\/#Person","name":"","url":"https:\/\/www.lucraco.cz\/author\/","identifier":1,"image":{"@type":"ImageObject","@id":"https:\/\/secure.gravatar.com\/avatar\/046c8368865b87ac6ea06cde0e0a80b91304a43fe31de210702ad59bbd9a1974?s=96&d=mm&r=g","url":"https:\/\/secure.gravatar.com\/avatar\/046c8368865b87ac6ea06cde0e0a80b91304a43fe31de210702ad59bbd9a1974?s=96&d=mm&r=g","height":96,"width":96}},"publisher":{"@type":"Organization","name":"lucraco.cz","logo":{"@type":"ImageObject","@id":"\/logo.png","url":"\/logo.png","width":600,"height":60}},"url":"https:\/\/www.lucraco.cz\/ochrana-zivotu-i-majetku\/","wordCount":240,"articleBody":"Za\u0159izujete-li si sv\u00e9 pracovi\u0161t\u011b, kter\u00e9 sest\u00e1v\u00e1 z n\u011bkolika men\u0161\u00edch kancel\u00e1\u0159\u00ed, jist\u011b db\u00e1te na to, aby ve\u0161ker\u00e9 vybaven\u00ed bylo p\u011bkn\u00e9, funk\u010dn\u00ed a rozhodn\u011b nemus\u00ed b\u00fdt zbyte\u010dn\u011b drah\u00e9. Nezapom\u00edn\u00e1te v\u0161ak pro estetickou str\u00e1nku v\u011bci na dal\u0161\u00ed nezbytn\u00e9 vybaven\u00ed, kter\u00e9 je dokonce je\u0161t\u011b d\u016fle\u017eit\u011bj\u0161\u00ed ne\u017e v\u00fdb\u011br t\u00e9 spr\u00e1vn\u00e9 \u017eidle \u010di p\u011bkn\u00e9ho lustru? Nezapom\u00edn\u00e1te na dostate\u010dnou ochranu zdrav\u00ed Va\u0161eho i Va\u0161ich zam\u011bstnanc\u016f? V\u00edte, \u017ee bezpe\u010dnost na pracovi\u0161ti je dokonce upravena i z\u00e1konem? Nezapome\u0148te ve sv\u00e9 kancel\u00e1\u0159i na protipo\u017e\u00e1rn\u00ed syst\u00e9my EPS.\tRychl\u00fd z\u00e1sahJe zcela logick\u00e9, \u017ee jakmile za\u010dne ho\u0159et, je d\u016fle\u017eit\u00e9 se o situaci dozv\u011bd\u011bt co nejrychleji, jen tak m\u016f\u017ee b\u00fdt z\u00e1sah HZS \u00fa\u010dinn\u00fd a \u0161kody budou co nejmen\u0161\u00ed. Bez t\u011bchto profesion\u00e1ln\u011b nainstalovan\u00fdch za\u0159\u00edzen\u00ed je v\u0161ak t\u00e9m\u011b\u0159 nemo\u017en\u00e9 dozv\u011bd\u011bt se o po\u017e\u00e1ru hned, kdy jeho nebezpe\u010d\u00ed zat\u00edm jen hroz\u00ed. Usnadn\u011bte hasi\u010d\u016fm pr\u00e1ci a u\u0161et\u0159ete si velk\u00e9 \u0161kody na majetku, o ochran\u011b zdrav\u00ed nemluv\u011b. Nechte si namontovat elektrickou \u00fast\u0159ednu s hl\u00e1si\u010di a dal\u0161\u00edmi nezbytn\u00fdmi dopl\u0148ky a nemus\u00edte se ji\u017e o sv\u016fj majetek ob\u00e1vat ani v dob\u011b, kdy na pracovi\u0161ti nejste.                                                                                                                                                                                                                                                                                                                                                                                                "},{"@context":"https:\/\/schema.org\/","@type":"BreadcrumbList","itemListElement":[{"@type":"ListItem","position":1,"name":"Ochrana \u017eivot\u016f i majetku","item":"https:\/\/www.lucraco.cz\/ochrana-zivotu-i-majetku\/#breadcrumbitem"}]}]