[{"@context":"https:\/\/schema.org\/","@type":"Article","@id":"https:\/\/www.lucraco.cz\/obrovska-internetova-nabidka-obleceni-pro-nejmensi-je-tu\/#Article","mainEntityOfPage":"https:\/\/www.lucraco.cz\/obrovska-internetova-nabidka-obleceni-pro-nejmensi-je-tu\/","headline":"Obrovsk\u00e1 internetov\u00e1 nab\u00eddka oble\u010den\u00ed pro nejmen\u0161\u00ed je tu","name":"Obrovsk\u00e1 internetov\u00e1 nab\u00eddka oble\u010den\u00ed pro nejmen\u0161\u00ed je tu","description":"M\u00e1te mal\u00e9 d\u00edt\u011b a zjistili jste, \u017ee pro n\u011bj pot\u0159ebujete zakoupit spoustu nov\u00e9ho oble\u010den\u00ed? M\u00e1te ale pocit, \u017ee v klasick\u00fdch obchodech cht\u011bj\u00ed za oble\u010den\u00ed p\u0159\u00edli\u0161 vysokou cenu? Pak rad\u011bji nakupte [&hellip;]","datePublished":"2023-11-10","dateModified":"2023-11-10","author":{"@type":"Person","@id":"https:\/\/www.lucraco.cz\/author\/#Person","name":"","url":"https:\/\/www.lucraco.cz\/author\/","identifier":1,"image":{"@type":"ImageObject","@id":"https:\/\/secure.gravatar.com\/avatar\/046c8368865b87ac6ea06cde0e0a80b91304a43fe31de210702ad59bbd9a1974?s=96&d=mm&r=g","url":"https:\/\/secure.gravatar.com\/avatar\/046c8368865b87ac6ea06cde0e0a80b91304a43fe31de210702ad59bbd9a1974?s=96&d=mm&r=g","height":96,"width":96}},"publisher":{"@type":"Organization","name":"lucraco.cz","logo":{"@type":"ImageObject","@id":"\/logo.png","url":"\/logo.png","width":600,"height":60}},"url":"https:\/\/www.lucraco.cz\/obrovska-internetova-nabidka-obleceni-pro-nejmensi-je-tu\/","wordCount":227,"articleBody":"M\u00e1te mal\u00e9 d\u00edt\u011b a zjistili jste, \u017ee pro n\u011bj pot\u0159ebujete zakoupit spoustu nov\u00e9ho oble\u010den\u00ed? M\u00e1te ale pocit, \u017ee v klasick\u00fdch obchodech cht\u011bj\u00ed za oble\u010den\u00ed p\u0159\u00edli\u0161 vysokou cenu? Pak rad\u011bji nakupte oble\u010den\u00ed pro sv\u00e9 ratolesti v tom nejv\u011bt\u0161\u00edm internetov\u00e9m obchod\u011b, kter\u00fd v\u00e1m p\u0159in\u00e1\u0161\u00ed takov\u00e9 spektrum oble\u010den\u00ed a dopl\u0148k\u016f pro kluky i holky a to nav\u00edc za cenu, kter\u00e1 v\u00e1m zaru\u010den\u011b vykouzl\u00ed \u00fasm\u011bv na tv\u00e1\u0159i. Proto nev\u00e1hejte, a nav\u0161tivte tento internetov\u00fd mimibazar je\u0161t\u011b dnes. Ur\u010dit\u011b nebudete litovat.Nejvy\u0161\u0161\u00ed kvalitu a skv\u011blou cenu v\u00e1m p\u0159in\u00e1\u0161\u00ed oble\u010den\u00ed z t\u00e9to nab\u00eddkyNa nic ne\u010dekejte, a pokud pot\u0159ebujete sv\u00e9mu d\u00edt\u011bti po\u0159\u00eddit spoustu nov\u00e9ho oble\u010den\u00ed, pak ur\u010dit\u011b je\u0161t\u011b dnes vyu\u017eijte t\u00e9to obs\u00e1hl\u00e9 internetov\u00e9 nab\u00eddky. Tento skv\u011bl\u00fd mimibazar v\u00e1m p\u0159in\u00e1\u0161\u00ed nejen \u0161irokou \u0161k\u00e1lu kvalitn\u00edho oble\u010den\u00ed, ale nav\u00edc v\u00e1m toto oble\u010den\u00ed p\u0159in\u00e1\u0161\u00ed v nejr\u016fzn\u011bj\u0161\u00edch velikostech a proveden\u00edch, ze kter\u00fdch si zaru\u010den\u011b vyberete to nejvhodn\u011bj\u0161\u00ed pro va\u0161eho chlape\u010dka \u010di hol\u010di\u010dku. Nev\u00e1hejte, a objednejte si z t\u00e9to nab\u00eddky spoustu tri\u010dek, mikin, py\u017eam, apod.                                                                                                                                                                                                                                                                                                                                                                                                "},{"@context":"https:\/\/schema.org\/","@type":"BreadcrumbList","itemListElement":[{"@type":"ListItem","position":1,"name":"Obrovsk\u00e1 internetov\u00e1 nab\u00eddka oble\u010den\u00ed pro nejmen\u0161\u00ed je tu","item":"https:\/\/www.lucraco.cz\/obrovska-internetova-nabidka-obleceni-pro-nejmensi-je-tu\/#breadcrumbitem"}]}]