[{"@context":"https:\/\/schema.org\/","@type":"Article","@id":"https:\/\/www.lucraco.cz\/navrhujeme-fotoobraz-s-vlastnim-tematem\/#Article","mainEntityOfPage":"https:\/\/www.lucraco.cz\/navrhujeme-fotoobraz-s-vlastnim-tematem\/","headline":"Navrhujeme fotoobraz s vlastn\u00edm t\u00e9matem","name":"Navrhujeme fotoobraz s vlastn\u00edm t\u00e9matem","description":"L\u00edb\u00ed se v\u00e1m fototapety a r\u00e1di byste si n\u011bkterou z nich vylepili do sv\u00e9 pracovny nad psac\u00ed st\u016fl, ale v nab\u00eddce fototapet na trhu postr\u00e1d\u00e1te vhodn\u00e9 t\u00e9ma? P\u0159ipad\u00e1 v\u00e1m, \u017ee [&hellip;]","datePublished":"2023-12-29","dateModified":"2023-12-29","author":{"@type":"Person","@id":"https:\/\/www.lucraco.cz\/author\/#Person","name":"","url":"https:\/\/www.lucraco.cz\/author\/","identifier":1,"image":{"@type":"ImageObject","@id":"https:\/\/secure.gravatar.com\/avatar\/046c8368865b87ac6ea06cde0e0a80b91304a43fe31de210702ad59bbd9a1974?s=96&d=mm&r=g","url":"https:\/\/secure.gravatar.com\/avatar\/046c8368865b87ac6ea06cde0e0a80b91304a43fe31de210702ad59bbd9a1974?s=96&d=mm&r=g","height":96,"width":96}},"publisher":{"@type":"Organization","name":"lucraco.cz","logo":{"@type":"ImageObject","@id":"\/logo.png","url":"\/logo.png","width":600,"height":60}},"image":{"@type":"ImageObject","@id":"https:\/\/www.lucraco.cz\/wp-content\/uploads\/apple-2092697_640.jpg","url":"https:\/\/www.lucraco.cz\/wp-content\/uploads\/apple-2092697_640.jpg","height":0,"width":0},"url":"https:\/\/www.lucraco.cz\/navrhujeme-fotoobraz-s-vlastnim-tematem\/","about":["Z\u00e1bava"],"wordCount":417,"articleBody":"L\u00edb\u00ed se v\u00e1m fototapety a r\u00e1di byste si n\u011bkterou z nich vylepili do sv\u00e9 pracovny nad psac\u00ed st\u016fl, ale v nab\u00eddce fototapet na trhu postr\u00e1d\u00e1te vhodn\u00e9 t\u00e9ma? P\u0159ipad\u00e1 v\u00e1m, \u017ee tam nen\u00ed to, co byste si p\u0159\u00e1li, a tak byste si nejrad\u011bji zhotovili tapetu dle vlastn\u00edho n\u00e1vrhu? Pak se zam\u011b\u0159te na profesion\u00e1ly, kte\u0159\u00ed v\u00e1m vyhotov\u00ed fotoobraz p\u0159esn\u011b takov\u00fd, jak\u00fd si vytvo\u0159\u00edte z vlastn\u00edch fotografi\u00ed. Mo\u017enost\u00ed realizac\u00ed t\u011bchto projekt\u016f je cel\u00e1 \u0159ada a mezi nimi se objevuj\u00ed tak\u00e9 fotokol\u00e1\u017ee neboli s\u00e9rie z\u00e1b\u011br\u016f poskl\u00e1dan\u00fdch tak, aby vytvo\u0159ily ur\u010dit\u00fd p\u0159\u00edb\u011bh. \u010ctvero ro\u010dn\u00edch obdob\u00ed \u2013 Antonio Vivaldi se \u010dtverem ro\u010dn\u00edch obdob\u00ed inspiroval ve sv\u00e9 tvorb\u011b hudebn\u00ed klasiky, kter\u00e1 pat\u0159\u00ed k nejzn\u00e1m\u011bj\u0161\u00edm na sv\u011bt\u011b. Vy byste mohli vyu\u017e\u00edt \u010dtvero ro\u010dn\u00edch obdob\u00ed k vytvo\u0159en\u00ed kol\u00e1\u017ee \u010dty\u0159 nebo v\u00edce fotografi\u00ed ze stejn\u00e9ho m\u00edsta, kter\u00e9 se v pr\u016fb\u011bhu roku m\u011bn\u00ed k nepozn\u00e1n\u00ed. Velmi p\u016fsobiv\u00e9 to bude zejm\u00e9na s listnat\u00fdmi stromy, kter\u00e9 na podzim opadaj\u00ed a na ja\u0159e se znovu obal\u00ed sv\u011b\u017ee zeln\u00fdmi l\u00edstky.Va\u0161e milovan\u00e1 bytost \u2013 chcete-li m\u00edt svou d\u00edvku v pracovn\u011b \u010di v lo\u017enici p\u0159\u00edmo p\u0159ed sebou v \u017eivotn\u00ed velikosti, jako to ud\u011blal Petr Majer s plak\u00e1tem princezny Arabely, pak si vytvo\u0159te kol\u00e1\u017e \u010dtvera ro\u010dn\u00edch obdob\u00ed v pop\u0159ed\u00ed s milovanou bytost\u00ed. V zim\u011b s polstrovanou bundou, v kulichu a v rukavic\u00edch, na podzim v lehk\u00e9 mikin\u011b, na ja\u0159e ve sportovn\u00ed bund\u011b a v tenisk\u00e1ch a v l\u00e9t\u011b zcela naboso a v dvojd\u00edln\u00fdch sexy bikin\u00e1ch.Panorama z rozhledny \u2013 kol\u00e1\u017e \u010dtvera ro\u010dn\u00edch obdob\u00ed \u00fa\u017easn\u011b vynikne i p\u0159i pohledu z n\u011bjak\u00e9 rozhledny nebo horsk\u00e9ho masivu. Zaj\u00edmav\u00e9 by to mohlo b\u00fdt nap\u0159\u00edklad ze Sn\u011b\u017eky sm\u011brem na Lu\u010dn\u00ed boudu, kde n\u00e1dhern\u011b kontrastuje zasn\u011b\u017een\u00e1 krajina s oblaky n\u00edzk\u00e9 obla\u010dnosti pod v\u00e1mi, a s letn\u00ed atmosf\u00e9rou travnat\u00e9 plochy Studni\u010dn\u00ed hory, \u010d\u00e1ste\u010dn\u011b pokryt\u00e9 kosod\u0159evinou. Zaj\u00edmav\u00e9 v\u00fdhledy do krajiny jsou k dispozici i na rozhledn\u00e1ch Jizersk\u00fdch hor, kter\u00e9 pat\u0159\u00ed k nejkr\u00e1sn\u011bj\u0161\u00edm v cel\u00e9 Evrop\u011b, nap\u0159\u00edklad z rozhleden Kr\u00e1lovka, Bramberk, \u0160t\u011bp\u00e1nka nebo Tanvaldsk\u00fd \u0160pi\u010d\u00e1k.                                                                                                                                                                                                                                                                                                                                                                                                "},{"@context":"https:\/\/schema.org\/","@type":"BreadcrumbList","itemListElement":[{"@type":"ListItem","position":1,"name":"Navrhujeme fotoobraz s vlastn\u00edm t\u00e9matem","item":"https:\/\/www.lucraco.cz\/navrhujeme-fotoobraz-s-vlastnim-tematem\/#breadcrumbitem"}]}]