{"@context":"https:\/\/schema.org\/","@type":"CollectionPage","@id":"https:\/\/www.lucraco.cz\/nakupovani\/#CollectionPage","headline":"Nakupov\u00e1n\u00ed Category","description":"","url":"https:\/\/www.lucraco.cz\/nakupovani\/","hasPart":[{"@type":"Article","@id":"https:\/\/www.lucraco.cz\/nemoci-v-plne-sile\/","headline":"Nemoci v pln\u00e9 s\u00edle","url":"https:\/\/www.lucraco.cz\/nemoci-v-plne-sile\/","datePublished":"2024-09-16","dateModified":"2024-09-16","mainEntityOfPage":"https:\/\/www.lucraco.cz\/nemoci-v-plne-sile\/","author":{"@type":"Person","@id":"https:\/\/www.lucraco.cz\/author\/#Person","name":"","url":"https:\/\/www.lucraco.cz\/author\/","identifier":1,"image":{"@type":"ImageObject","@id":"https:\/\/secure.gravatar.com\/avatar\/046c8368865b87ac6ea06cde0e0a80b91304a43fe31de210702ad59bbd9a1974?s=96&d=mm&r=g","url":"https:\/\/secure.gravatar.com\/avatar\/046c8368865b87ac6ea06cde0e0a80b91304a43fe31de210702ad59bbd9a1974?s=96&d=mm&r=g","height":96,"width":96}},"publisher":{"@type":"Organization","name":"lucraco.cz","logo":{"@type":"ImageObject","@id":"\/logo.png","url":"\/logo.png","width":600,"height":60}},"image":{"@type":"ImageObject","@id":"https:\/\/www.lucraco.cz\/wp-content\/uploads\/covid-6517476_640_10_10_4.jpg","url":"https:\/\/www.lucraco.cz\/wp-content\/uploads\/covid-6517476_640_10_10_4.jpg","height":0,"width":0},"keywords":null},{"@type":"Article","@id":"https:\/\/www.lucraco.cz\/reknete-to-trickem\/","headline":"\u0158ekn\u011bte to tri\u010dkem","url":"https:\/\/www.lucraco.cz\/reknete-to-trickem\/","datePublished":"2024-09-15","dateModified":"2024-09-15","mainEntityOfPage":"https:\/\/www.lucraco.cz\/reknete-to-trickem\/","author":{"@type":"Person","@id":"https:\/\/www.lucraco.cz\/author\/#Person","name":"","url":"https:\/\/www.lucraco.cz\/author\/","identifier":1,"image":{"@type":"ImageObject","@id":"https:\/\/secure.gravatar.com\/avatar\/046c8368865b87ac6ea06cde0e0a80b91304a43fe31de210702ad59bbd9a1974?s=96&d=mm&r=g","url":"https:\/\/secure.gravatar.com\/avatar\/046c8368865b87ac6ea06cde0e0a80b91304a43fe31de210702ad59bbd9a1974?s=96&d=mm&r=g","height":96,"width":96}},"publisher":{"@type":"Organization","name":"lucraco.cz","logo":{"@type":"ImageObject","@id":"\/logo.png","url":"\/logo.png","width":600,"height":60}},"image":{"@type":"ImageObject","@id":"https:\/\/www.lucraco.cz\/wp-content\/uploads\/t-shirt-1710578_640_2.jpg","url":"https:\/\/www.lucraco.cz\/wp-content\/uploads\/t-shirt-1710578_640_2.jpg","height":0,"width":0},"keywords":null},{"@type":"Article","@id":"https:\/\/www.lucraco.cz\/uz-nikam-nebudete-muset\/","headline":"U\u017e nikam nebudete muset","url":"https:\/\/www.lucraco.cz\/uz-nikam-nebudete-muset\/","datePublished":"2024-08-23","dateModified":"2024-08-23","mainEntityOfPage":"https:\/\/www.lucraco.cz\/uz-nikam-nebudete-muset\/","author":{"@type":"Person","@id":"https:\/\/www.lucraco.cz\/author\/#Person","name":"","url":"https:\/\/www.lucraco.cz\/author\/","identifier":1,"image":{"@type":"ImageObject","@id":"https:\/\/secure.gravatar.com\/avatar\/046c8368865b87ac6ea06cde0e0a80b91304a43fe31de210702ad59bbd9a1974?s=96&d=mm&r=g","url":"https:\/\/secure.gravatar.com\/avatar\/046c8368865b87ac6ea06cde0e0a80b91304a43fe31de210702ad59bbd9a1974?s=96&d=mm&r=g","height":96,"width":96}},"publisher":{"@type":"Organization","name":"lucraco.cz","logo":{"@type":"ImageObject","@id":"\/logo.png","url":"\/logo.png","width":600,"height":60}},"image":{"@type":"ImageObject","@id":"https:\/\/www.lucraco.cz\/wp-content\/uploads\/sunglasses-1850648_640_10_10_10_10_10.jpg","url":"https:\/\/www.lucraco.cz\/wp-content\/uploads\/sunglasses-1850648_640_10_10_10_10_10.jpg","height":0,"width":0},"keywords":null},{"@type":"Article","@id":"https:\/\/www.lucraco.cz\/co-je-to-kraftovy-a-wrapovy-balici-papir\/","headline":"Co je to kraftov\u00fd a wrapov\u00fd balic\u00ed pap\u00edr","url":"https:\/\/www.lucraco.cz\/co-je-to-kraftovy-a-wrapovy-balici-papir\/","datePublished":"2024-08-20","dateModified":"2024-08-20","mainEntityOfPage":"https:\/\/www.lucraco.cz\/co-je-to-kraftovy-a-wrapovy-balici-papir\/","author":{"@type":"Person","@id":"https:\/\/www.lucraco.cz\/author\/#Person","name":"","url":"https:\/\/www.lucraco.cz\/author\/","identifier":1,"image":{"@type":"ImageObject","@id":"https:\/\/secure.gravatar.com\/avatar\/046c8368865b87ac6ea06cde0e0a80b91304a43fe31de210702ad59bbd9a1974?s=96&d=mm&r=g","url":"https:\/\/secure.gravatar.com\/avatar\/046c8368865b87ac6ea06cde0e0a80b91304a43fe31de210702ad59bbd9a1974?s=96&d=mm&r=g","height":96,"width":96}},"publisher":{"@type":"Organization","name":"lucraco.cz","logo":{"@type":"ImageObject","@id":"\/logo.png","url":"\/logo.png","width":600,"height":60}},"image":{"@type":"ImageObject","@id":"https:\/\/www.lucraco.cz\/wp-content\/uploads\/box-2098116_640_10_10_3.jpg","url":"https:\/\/www.lucraco.cz\/wp-content\/uploads\/box-2098116_640_10_10_3.jpg","height":0,"width":0},"keywords":null},{"@type":"Article","@id":"https:\/\/www.lucraco.cz\/jak-si-vybrat-ty-prave-svatebni-saty\/","headline":"Jak si vybrat ty prav\u00e9 svatebn\u00ed \u0161aty?","url":"https:\/\/www.lucraco.cz\/jak-si-vybrat-ty-prave-svatebni-saty\/","datePublished":"2024-08-11","dateModified":"2024-08-11","mainEntityOfPage":"https:\/\/www.lucraco.cz\/jak-si-vybrat-ty-prave-svatebni-saty\/","author":{"@type":"Person","@id":"https:\/\/www.lucraco.cz\/author\/#Person","name":"","url":"https:\/\/www.lucraco.cz\/author\/","identifier":1,"image":{"@type":"ImageObject","@id":"https:\/\/secure.gravatar.com\/avatar\/046c8368865b87ac6ea06cde0e0a80b91304a43fe31de210702ad59bbd9a1974?s=96&d=mm&r=g","url":"https:\/\/secure.gravatar.com\/avatar\/046c8368865b87ac6ea06cde0e0a80b91304a43fe31de210702ad59bbd9a1974?s=96&d=mm&r=g","height":96,"width":96}},"publisher":{"@type":"Organization","name":"lucraco.cz","logo":{"@type":"ImageObject","@id":"\/logo.png","url":"\/logo.png","width":600,"height":60}},"image":{"@type":"ImageObject","@id":"https:\/\/www.lucraco.cz\/wp-content\/uploads\/anna-vi-KRM-2sIbgMI-unsplash.jpg","url":"https:\/\/www.lucraco.cz\/wp-content\/uploads\/anna-vi-KRM-2sIbgMI-unsplash.jpg","height":0,"width":0},"keywords":null},{"@type":"Article","@id":"https:\/\/www.lucraco.cz\/kvetiny-zive-ci-umele\/","headline":"Kv\u011btiny \u017eiv\u00e9 \u010di um\u011bl\u00e9?","url":"https:\/\/www.lucraco.cz\/kvetiny-zive-ci-umele\/","datePublished":"2024-08-11","dateModified":"2024-08-11","mainEntityOfPage":"https:\/\/www.lucraco.cz\/kvetiny-zive-ci-umele\/","author":{"@type":"Person","@id":"https:\/\/www.lucraco.cz\/author\/#Person","name":"","url":"https:\/\/www.lucraco.cz\/author\/","identifier":1,"image":{"@type":"ImageObject","@id":"https:\/\/secure.gravatar.com\/avatar\/046c8368865b87ac6ea06cde0e0a80b91304a43fe31de210702ad59bbd9a1974?s=96&d=mm&r=g","url":"https:\/\/secure.gravatar.com\/avatar\/046c8368865b87ac6ea06cde0e0a80b91304a43fe31de210702ad59bbd9a1974?s=96&d=mm&r=g","height":96,"width":96}},"publisher":{"@type":"Organization","name":"lucraco.cz","logo":{"@type":"ImageObject","@id":"\/logo.png","url":"\/logo.png","width":600,"height":60}},"image":{"@type":"ImageObject","@id":"https:\/\/www.lucraco.cz\/wp-content\/uploads\/ivy-1258312_640.jpg","url":"https:\/\/www.lucraco.cz\/wp-content\/uploads\/ivy-1258312_640.jpg","height":0,"width":0},"keywords":null},{"@type":"Article","@id":"https:\/\/www.lucraco.cz\/sportovni-obleceni\/","headline":"Sportovn\u00ed oble\u010den\u00ed","url":"https:\/\/www.lucraco.cz\/sportovni-obleceni\/","datePublished":"2024-08-09","dateModified":"2024-08-09","mainEntityOfPage":"https:\/\/www.lucraco.cz\/sportovni-obleceni\/","author":{"@type":"Person","@id":"https:\/\/www.lucraco.cz\/author\/#Person","name":"","url":"https:\/\/www.lucraco.cz\/author\/","identifier":1,"image":{"@type":"ImageObject","@id":"https:\/\/secure.gravatar.com\/avatar\/046c8368865b87ac6ea06cde0e0a80b91304a43fe31de210702ad59bbd9a1974?s=96&d=mm&r=g","url":"https:\/\/secure.gravatar.com\/avatar\/046c8368865b87ac6ea06cde0e0a80b91304a43fe31de210702ad59bbd9a1974?s=96&d=mm&r=g","height":96,"width":96}},"publisher":{"@type":"Organization","name":"lucraco.cz","logo":{"@type":"ImageObject","@id":"\/logo.png","url":"\/logo.png","width":600,"height":60}},"image":{"@type":"ImageObject","@id":"https:\/\/www.lucraco.cz\/wp-content\/uploads\/fabrics-6547128_960_720_1.jpg","url":"https:\/\/www.lucraco.cz\/wp-content\/uploads\/fabrics-6547128_960_720_1.jpg","height":0,"width":0},"keywords":null},{"@type":"Article","@id":"https:\/\/www.lucraco.cz\/hodinky-ktere-nesundate\/","headline":"Hodinky, kter\u00e9 nesund\u00e1te","url":"https:\/\/www.lucraco.cz\/hodinky-ktere-nesundate\/","datePublished":"2024-08-09","dateModified":"2024-08-09","mainEntityOfPage":"https:\/\/www.lucraco.cz\/hodinky-ktere-nesundate\/","author":{"@type":"Person","@id":"https:\/\/www.lucraco.cz\/author\/#Person","name":"","url":"https:\/\/www.lucraco.cz\/author\/","identifier":1,"image":{"@type":"ImageObject","@id":"https:\/\/secure.gravatar.com\/avatar\/046c8368865b87ac6ea06cde0e0a80b91304a43fe31de210702ad59bbd9a1974?s=96&d=mm&r=g","url":"https:\/\/secure.gravatar.com\/avatar\/046c8368865b87ac6ea06cde0e0a80b91304a43fe31de210702ad59bbd9a1974?s=96&d=mm&r=g","height":96,"width":96}},"publisher":{"@type":"Organization","name":"lucraco.cz","logo":{"@type":"ImageObject","@id":"\/logo.png","url":"\/logo.png","width":600,"height":60}},"image":{"@type":"ImageObject","@id":"https:\/\/www.lucraco.cz\/wp-content\/uploads\/smart-watch-821565_640_10.jpg","url":"https:\/\/www.lucraco.cz\/wp-content\/uploads\/smart-watch-821565_640_10.jpg","height":0,"width":0},"keywords":null},{"@type":"Article","@id":"https:\/\/www.lucraco.cz\/brante-se-neprijemnym-sousedum-betonovym-plotem\/","headline":"Bra\u0148te se nep\u0159\u00edjemn\u00fdm soused\u016fm betonov\u00fdm plotem","url":"https:\/\/www.lucraco.cz\/brante-se-neprijemnym-sousedum-betonovym-plotem\/","datePublished":"2024-08-06","dateModified":"2024-08-06","mainEntityOfPage":"https:\/\/www.lucraco.cz\/brante-se-neprijemnym-sousedum-betonovym-plotem\/","author":{"@type":"Person","@id":"https:\/\/www.lucraco.cz\/author\/#Person","name":"","url":"https:\/\/www.lucraco.cz\/author\/","identifier":1,"image":{"@type":"ImageObject","@id":"https:\/\/secure.gravatar.com\/avatar\/046c8368865b87ac6ea06cde0e0a80b91304a43fe31de210702ad59bbd9a1974?s=96&d=mm&r=g","url":"https:\/\/secure.gravatar.com\/avatar\/046c8368865b87ac6ea06cde0e0a80b91304a43fe31de210702ad59bbd9a1974?s=96&d=mm&r=g","height":96,"width":96}},"publisher":{"@type":"Organization","name":"lucraco.cz","logo":{"@type":"ImageObject","@id":"\/logo.png","url":"\/logo.png","width":600,"height":60}},"image":{"@type":"ImageObject","@id":"https:\/\/www.lucraco.cz\/wp-content\/uploads\/czech-budejovice-112165_640_10.jpg","url":"https:\/\/www.lucraco.cz\/wp-content\/uploads\/czech-budejovice-112165_640_10.jpg","height":0,"width":0},"keywords":null},{"@type":"Article","@id":"https:\/\/www.lucraco.cz\/sklenik-na-zahradu\/","headline":"Sklen\u00edk na zahradu","url":"https:\/\/www.lucraco.cz\/sklenik-na-zahradu\/","datePublished":"2024-07-29","dateModified":"2024-07-29","mainEntityOfPage":"https:\/\/www.lucraco.cz\/sklenik-na-zahradu\/","author":{"@type":"Person","@id":"https:\/\/www.lucraco.cz\/author\/#Person","name":"","url":"https:\/\/www.lucraco.cz\/author\/","identifier":1,"image":{"@type":"ImageObject","@id":"https:\/\/secure.gravatar.com\/avatar\/046c8368865b87ac6ea06cde0e0a80b91304a43fe31de210702ad59bbd9a1974?s=96&d=mm&r=g","url":"https:\/\/secure.gravatar.com\/avatar\/046c8368865b87ac6ea06cde0e0a80b91304a43fe31de210702ad59bbd9a1974?s=96&d=mm&r=g","height":96,"width":96}},"publisher":{"@type":"Organization","name":"lucraco.cz","logo":{"@type":"ImageObject","@id":"\/logo.png","url":"\/logo.png","width":600,"height":60}},"image":{"@type":"ImageObject","@id":"https:\/\/www.lucraco.cz\/wp-content\/uploads\/sklen%C3%ADk%20z%20polykarbon%C3%A1tu_10_10_6.jpg","url":"https:\/\/www.lucraco.cz\/wp-content\/uploads\/sklen%C3%ADk%20z%20polykarbon%C3%A1tu_10_10_6.jpg","height":0,"width":0},"keywords":null}]}