[{"@context":"https:\/\/schema.org\/","@type":"Article","@id":"https:\/\/www.lucraco.cz\/kdo-nam-vycisti-matrace-sedaci-soupravu-a-koberec\/#Article","mainEntityOfPage":"https:\/\/www.lucraco.cz\/kdo-nam-vycisti-matrace-sedaci-soupravu-a-koberec\/","headline":"Kdo n\u00e1m vy\u010dist\u00ed matrace, sedac\u00ed soupravu a koberec","name":"Kdo n\u00e1m vy\u010dist\u00ed matrace, sedac\u00ed soupravu a koberec","description":"V\u00edte o tom, \u017ee \u00faklidov\u00e9 firmy v Praze \u010dist\u00ed i \u010daloun\u011bn\u00ed sedac\u00edch souprav a koberce? Tyto pr\u00e1ce vy\u017eaduj\u00ed speci\u00e1ln\u00ed postupy, metody a \u010distic\u00ed stroje, a t\u011bmi ne ka\u017ed\u00fd amat\u00e9r disponuje. [&hellip;]","datePublished":"2024-05-25","dateModified":"2024-06-26","author":{"@type":"Person","@id":"https:\/\/www.lucraco.cz\/author\/#Person","name":"","url":"https:\/\/www.lucraco.cz\/author\/","identifier":1,"image":{"@type":"ImageObject","@id":"https:\/\/secure.gravatar.com\/avatar\/046c8368865b87ac6ea06cde0e0a80b91304a43fe31de210702ad59bbd9a1974?s=96&d=mm&r=g","url":"https:\/\/secure.gravatar.com\/avatar\/046c8368865b87ac6ea06cde0e0a80b91304a43fe31de210702ad59bbd9a1974?s=96&d=mm&r=g","height":96,"width":96}},"publisher":{"@type":"Organization","name":"lucraco.cz","logo":{"@type":"ImageObject","@id":"\/logo.png","url":"\/logo.png","width":600,"height":60}},"image":{"@type":"ImageObject","@id":"https:\/\/www.lucraco.cz\/wp-content\/uploads\/indoor-2650995_640_1.jpg","url":"https:\/\/www.lucraco.cz\/wp-content\/uploads\/indoor-2650995_640_1.jpg","height":0,"width":0},"url":"https:\/\/www.lucraco.cz\/kdo-nam-vycisti-matrace-sedaci-soupravu-a-koberec\/","about":["Business"],"wordCount":410,"articleBody":"   V\u00edte o tom, \u017ee \u00faklidov\u00e9 firmy v Praze \u010dist\u00ed i \u010daloun\u011bn\u00ed sedac\u00edch souprav a koberce? Tyto pr\u00e1ce vy\u017eaduj\u00ed speci\u00e1ln\u00ed postupy, metody a \u010distic\u00ed stroje, a t\u011bmi ne ka\u017ed\u00fd amat\u00e9r disponuje.MatraceKdy jste naposledy nechali vy\u010distit matrace ve va\u0161\u00ed lo\u017enici a v d\u011btsk\u00e9m pokoji? Na toto se v r\u00e1mci b\u011b\u017en\u00e9ho \u00faklidu m\u016f\u017ee zapomenout, p\u0159itom je tento proces stejn\u011b d\u016fle\u017eit\u00fd, jako cokoli jin\u00e9ho. V matrac\u00edch se r\u00e1di zdr\u017euj\u00ed rozto\u010di, a jejich v\u00fdkaly b\u00fdvaj\u00ed zdrojem r\u016fzn\u00fdch nep\u0159\u00edjemnost\u00ed, nap\u0159\u00edklad alergi\u00ed a p\u0159et\u00ed\u017een\u00ed imunitn\u00edho syst\u00e9mu. T\u00fdk\u00e1 se to v\u0161ech typ\u016f matrac\u00ed, od t\u011bch oby\u010dejn\u00fdch molitanov\u00fdch na v\u00e1lend\u00e1ch \u010di rozkl\u00e1dac\u00edch pohovk\u00e1ch, a\u017e po zdravotn\u00ed matrace v hodnot\u011b n\u011bkolika tis\u00edc korun.\u010caloun\u011bn\u00ed sedac\u00edch souprav a \u017eidl\u00edJakmile k v\u00e1m vpust\u00edte \u00faklidovou firmu na \u010di\u0161t\u011bn\u00ed matrac\u00ed, pov\u011b\u0159te ji i vy\u010di\u0161t\u011bn\u00edm v\u0161eho ostatn\u00edho, kde se objevuje molitanov\u00e9 polstrov\u00e1n\u00ed, co\u017e jsou nap\u0159\u00edklad p\u0159\u00edpady kuchy\u0148sk\u00fdch \u017eidl\u00ed, k\u0159esel sedac\u00edch souprav anebo \u017eidl\u00ed kancel\u00e1\u0159sk\u00fdch. Zde se op\u011bt objevuj\u00ed miliardy rozto\u010d\u016f, kte\u0159\u00ed se \u017eiv\u00ed va\u0161\u00ed poko\u017ekou, tedy ko\u017en\u00edmi \u0161upinkami, kter\u00e9 z poko\u017eky odpad\u00e1vaj\u00ed, a krom\u011b toho jim vyhovuj\u00ed k potrav\u011b i pl\u00edsn\u011b a bakterie. Probl\u00e9m sedac\u00edch souprav a r\u016fzn\u00fdch druh\u016f \u017eidl\u00ed v\u0161ak nespo\u010d\u00edv\u00e1 pouze v rozto\u010d\u00edch, ale i v ne\u010distot\u011b, kter\u00e1 pokr\u00fdv\u00e1 \u010daloun\u011bn\u00ed, pokud se del\u0161\u00ed dobu ne\u010dist\u00ed.KoberceKdo se domn\u00edv\u00e1, \u017ee k vy\u010di\u0161t\u011bn\u00ed koberce posta\u010d\u00ed pytl\u00edkov\u00fd vysava\u010d, brzy se p\u0159esv\u011bd\u010d\u00ed o tom, \u017ee tomu tak nen\u00ed. Nev\u00fdhodou koberc\u016f je, \u017ee se mezi jejich vl\u00e1kna za\u0161lap\u00e1v\u00e1 prach spolu s mastnotou, rozpt\u00fdlenou v ovzdu\u0161\u00ed z va\u0159en\u00ed, a tak\u00e9 z potu na chodidlech \u010di na pono\u017ek\u00e1ch. Vznikne t\u00edm mazlav\u00e1 hmota, se kterou si vysava\u010d ji\u017e neporad\u00ed, a ta po jist\u00e9 dob\u011b za\u010dne zap\u00e1chat podobn\u011b, jako nemyt\u00e9 bos\u00e9 nohy. K d\u016fkladn\u00e9mu vy\u010di\u0161t\u011bn\u00ed koberce je pak zapot\u0159eb\u00ed \u010distic\u00ed stroj. Strojn\u00ed \u010di\u0161t\u011bn\u00ed si porad\u00ed i s vy\u0161lapan\u00fdmi cesti\u010dkami a s r\u016fzn\u00fdmi skvrnami od potravin, zvratk\u016f \u010di v\u00fdkal\u016f.                                                                                                                                                                                                                                                                                                                                                                                                  "},{"@context":"https:\/\/schema.org\/","@type":"BreadcrumbList","itemListElement":[{"@type":"ListItem","position":1,"name":"Kdo n\u00e1m vy\u010dist\u00ed matrace, sedac\u00ed soupravu a koberec","item":"https:\/\/www.lucraco.cz\/kdo-nam-vycisti-matrace-sedaci-soupravu-a-koberec\/#breadcrumbitem"}]}]