[{"@context":"https:\/\/schema.org\/","@type":"Article","@id":"https:\/\/www.lucraco.cz\/gastronomicke-zazitky-cr\/#Article","mainEntityOfPage":"https:\/\/www.lucraco.cz\/gastronomicke-zazitky-cr\/","headline":"Gastronomick\u00e9 z\u00e1\u017eitky \u010cr","name":"Gastronomick\u00e9 z\u00e1\u017eitky \u010cr","description":"Ani tento rok nen\u00ed v\u00fdjimkou a po cel\u00e9 \u010cesk\u00e9 republice se konaj\u00ed r\u016fzn\u00e9 zaj\u00edmav\u00e9 festivaly t\u00fdkaj\u00edc\u00ed se j\u00eddla a pit\u00ed. \u010casto se m\u016f\u017eete setkat s\u00a0po\u0159\u00e1d\u00e1n\u00edm t\u011bchto akc\u00ed na netradi\u010dn\u00edch m\u00edstech [&hellip;]","datePublished":"2020-01-11","dateModified":"2020-01-11","author":{"@type":"Person","@id":"https:\/\/www.lucraco.cz\/author\/#Person","name":"","url":"https:\/\/www.lucraco.cz\/author\/","identifier":1,"image":{"@type":"ImageObject","@id":"https:\/\/secure.gravatar.com\/avatar\/046c8368865b87ac6ea06cde0e0a80b91304a43fe31de210702ad59bbd9a1974?s=96&d=mm&r=g","url":"https:\/\/secure.gravatar.com\/avatar\/046c8368865b87ac6ea06cde0e0a80b91304a43fe31de210702ad59bbd9a1974?s=96&d=mm&r=g","height":96,"width":96}},"publisher":{"@type":"Organization","name":"lucraco.cz","logo":{"@type":"ImageObject","@id":"\/logo.png","url":"\/logo.png","width":600,"height":60}},"image":{"@type":"ImageObject","@id":"https:\/\/www.lucraco.cz\/wp-content\/uploads\/img_a367591_w3407_t1580111273.jpg","url":"https:\/\/www.lucraco.cz\/wp-content\/uploads\/img_a367591_w3407_t1580111273.jpg","height":0,"width":0},"url":"https:\/\/www.lucraco.cz\/gastronomicke-zazitky-cr\/","about":["Z\u00e1bava"],"wordCount":632,"articleBody":"Ani tento rok nen\u00ed v\u00fdjimkou a po cel\u00e9 \u010cesk\u00e9 republice se konaj\u00ed r\u016fzn\u00e9 zaj\u00edmav\u00e9 festivaly t\u00fdkaj\u00edc\u00ed se j\u00eddla a pit\u00ed. \u010casto se m\u016f\u017eete setkat s\u00a0po\u0159\u00e1d\u00e1n\u00edm t\u011bchto akc\u00ed na netradi\u010dn\u00edch m\u00edstech jako jsou nap\u0159\u00edklad z\u00e1mky, hrady nebo sklepen\u00ed. Zaj\u00edmav\u00e9 jsou tak\u00e9 ochutn\u00e1vky j\u00eddel a n\u00e1poj\u016f s\u00a0divadeln\u00edm p\u0159edstaven\u00edm. Na co se letos m\u016f\u017eete t\u011b\u0161it?\u010cokol\u00e1daJestli\u017ee je va\u0161\u00ed obl\u00edbenou laskominou pr\u00e1v\u011b \u010dokol\u00e1da, nem\u011bli byste vynechat n\u011bkter\u00fd z\u00a0\u010doko fest\u016f. Samoz\u0159ejm\u011b je mo\u017en\u00fd n\u00e1kup a ochutn\u00e1v\u00e1n\u00ed luxusn\u00edch \u010dokol\u00e1dov\u00fdch dobrot a pralinek, ale pokud chcete za\u017e\u00edt a ochutnat n\u011bco neobvykl\u00e9ho, doporu\u010dujeme z\u00fa\u010dastnit se chystan\u00e9ho programu. Minul\u00fd rok bylo v\u00a0nab\u00eddce va\u0159en\u00ed a pochutnat jste si tak mohli t\u0159eba na d\u00fd\u0148ov\u00e9 pol\u00e9vce s\u00a0b\u00edlou \u010dokol\u00e1dou. Letos se nejbli\u017e\u0161\u00ed \u010coko Fest kon\u00e1 13.3.2020 ve Znojm\u011b, dal\u0161\u00ed pak 27.3.2020 v\u00a0Turnov\u011b nebo 3.4.2020 v\u00a0Pardubic\u00edch. Ale \u010coko Festy jsou k\u00a0vid\u011bn\u00ed prakticky b\u011bhem cel\u00e9ho roku. Zkuste se pod\u00edvat, jestli se n\u011bjak\u00fd po\u0159\u00e1d\u00e1 v\u00a0m\u00edst\u011b va\u0161eho bydli\u0161t\u011b.V\u00ednoPro milovn\u00edky v\u00edna, a\u0165 u\u017e bobul\u00ed vinn\u00e9 r\u00e9vy nebo jeho tekut\u00e9 podoby jsou p\u0159ipraveny vinn\u00e9 trhy a vinobran\u00ed. V\u011bt\u0161inou jsou tyto akce sp\u00ed\u0161e v\u00a0kv\u011btnu a\u017e z\u00e1\u0159\u00ed. Jestli se nem\u016f\u017eete do\u010dkat, m\u00e1me pro v\u00e1s dobrou zpr\u00e1vu 28.3. je v\u00a0Brn\u011b Natural Wine Fest. Jak u\u017e n\u00e1zev napov\u00edd\u00e1, budou zde vina\u0159i, kte\u0159\u00ed produkuj\u00ed takov\u00e1 v\u00edna, kter\u00e1 se py\u0161n\u00ed ozna\u010den\u00edm organick\u00e1. Komu by nezachutnalo v\u00edno, m\u016f\u017ee m\u00edsto n\u011bj zkusit jable\u010dn\u00e9 cidery a poctivou k\u00e1vu.Za zm\u00ednku stoj\u00ed je\u0161t\u011b jedna speci\u00e1ln\u00ed sout\u011b\u017e a v\u00fdstava v\u00edn. Od 8.5. do 9.5.2020 se konaj\u00ed Valtick\u00e9 vinn\u00e9 trhy. Pokud jste tam nikdy nebyli, rozhodn\u011b nev\u00e1hejte, jen m\u00e1lokde ochutn\u00e1te tak dobr\u00e1 v\u00edna, jako pr\u00e1v\u011b zde. Ov\u0161em pozor, ubytov\u00e1n\u00ed je pot\u0159eba \u0159e\u0161it hodn\u011b dop\u0159edu, pokud chcete z\u016fstat p\u0159es noc.PivoJste sp\u00ed\u0161e \u201epiva\u0159i\u201c a r\u00e1di si d\u00e1te p\u011bniv\u00fd mok? R\u016fzn\u00e9 pivn\u00ed slavnosti, Beerfesty a dal\u0161\u00ed akce spojen\u00e9 s\u00a0pivem se konaj\u00ed ka\u017edoro\u010dn\u011b prakticky celoro\u010dn\u011b. Hlavn\u00ed jsou letn\u00ed pivn\u00ed slavnosti. Ty jsou ale v\u011bt\u0161inou men\u0161\u00edho r\u00e1zu. Z\u00a0t\u011bch \u201ev\u011bt\u0161\u00edch\u201c akc\u00ed stoj\u00ed za zm\u00ednku Mezin\u00e1rodn\u00ed pivn\u00ed festival v\u00a0\u010cesk\u00fdch Bud\u011bjovic\u00edch, kter\u00fd se kon\u00e1 u\u017e 20-22.2.2020. A na l\u00e9to se chystaj\u00ed 31. slavnosti Svijansk\u00e9ho piva (18.7.2020 ve Svijansk\u00e9m \u00dajezd\u011b), tak\u017ee jestli jste fandou Svijan\u016f, je pl\u00e1n na jeden letn\u00ed den jasn\u00fd.\u00a0\u00a0\u00a0J\u00eddloA na z\u00e1v\u011br n\u011bco po\u0159\u00e1dn\u00e9ho k\u00a0zakousnut\u00ed. Fand\u016fm americk\u00e9 kuchyn\u011b se v\u00a0Brn\u011b letos op\u011bt spln\u00ed sen o hled\u00e1n\u00ed dokonal\u00e9ho hamburgeru. Od 5.3. do 8.3. 2020 se na proslul\u00e9m brn\u011bnsk\u00e9m v\u00fdstavi\u0161ti kon\u00e1 Burger Arena 2020.V\u00a0l\u00e9t\u011b se pak v\u00a0Praze kon\u00e1 Foodparade, co\u017e je festival j\u00eddla i pit\u00ed. Pozitivn\u00ed je na n\u011bm zejm\u00e9na to, \u017ee m\u016f\u017eete vz\u00edt bez obav d\u011bti i dom\u00e1c\u00ed mazl\u00ed\u010dky. Hoduje se na piknikov\u00fdch louk\u00e1ch a pravd\u011bpodobn\u011b po v\u00e1s nez\u016fstane t\u00e9m\u011b\u0159 \u017e\u00e1dn\u00fd odpad, proto\u017ee tato akce se kon\u00e1 bez pou\u017eit\u00ed platov\u00fdch t\u00e1ck\u016f, p\u0159\u00edbor\u016f apod. Tento festival bude k\u00a0dispozici 29.-30.8.2020.Nevybrali jste si z\u00a0nab\u00edzen\u00e9ho? Nevad\u00ed, toto je jen kr\u00e1tk\u00e1 ochutn\u00e1vka z\u00a0mnoha mo\u017enost\u00ed a je jen na v\u00e1s, kterou z\u00a0nich vyu\u017eijete.                                                                                                                                                                                                                                                                                                                                                                                                "},{"@context":"https:\/\/schema.org\/","@type":"BreadcrumbList","itemListElement":[{"@type":"ListItem","position":1,"name":"Gastronomick\u00e9 z\u00e1\u017eitky \u010cr","item":"https:\/\/www.lucraco.cz\/gastronomicke-zazitky-cr\/#breadcrumbitem"}]}]