[{"@context":"https:\/\/schema.org\/","@type":"Blog","@id":"https:\/\/www.lucraco.cz#Blog","headline":"Lucraco","description":"\nJsou okolnosti, za kter\u00fdch by bylo bez ciz\u00ed pomoci zaru\u010den\u011b ouvej. Ale d\u00edky tomu, \u017ee existuje n\u00e1\u0161 web, se \u010dasto da\u0159\u00ed probl\u00e9my zd\u00e1rn\u011b p\u0159ekonat.","url":"https:\/\/www.lucraco.cz","hasPart":[{"@type":"Article","@id":"https:\/\/www.lucraco.cz\/jaky-vybrat-tabak-do-vodni-dymky\/","headline":"Jak\u00fd vybrat tab\u00e1k do vodn\u00ed d\u00fdmky?","url":"https:\/\/www.lucraco.cz\/jaky-vybrat-tabak-do-vodni-dymky\/","datePublished":"2025-12-14","dateModified":"2025-12-14","mainEntityOfPage":"https:\/\/www.lucraco.cz\/jaky-vybrat-tabak-do-vodni-dymky\/","author":{"@type":"Person","@id":"https:\/\/www.lucraco.cz\/author\/#Person","name":"","url":"https:\/\/www.lucraco.cz\/author\/","identifier":1,"image":{"@type":"ImageObject","@id":"https:\/\/secure.gravatar.com\/avatar\/046c8368865b87ac6ea06cde0e0a80b91304a43fe31de210702ad59bbd9a1974?s=96&d=mm&r=g","url":"https:\/\/secure.gravatar.com\/avatar\/046c8368865b87ac6ea06cde0e0a80b91304a43fe31de210702ad59bbd9a1974?s=96&d=mm&r=g","height":96,"width":96}},"publisher":{"@type":"Organization","name":"lucraco.cz","logo":{"@type":"ImageObject","@id":"\/logo.png","url":"\/logo.png","width":600,"height":60}},"image":{"@type":"ImageObject","@id":"https:\/\/www.lucraco.cz\/wp-content\/uploads\/leon-kohle-JzxOS6RcnJ0-unsplash_2.jpg","url":"https:\/\/www.lucraco.cz\/wp-content\/uploads\/leon-kohle-JzxOS6RcnJ0-unsplash_2.jpg","height":0,"width":0},"wordCount":565,"keywords":null},{"@type":"Article","@id":"https:\/\/www.lucraco.cz\/domaci-koupani\/","headline":"Dom\u00e1c\u00ed koup\u00e1n\u00ed","url":"https:\/\/www.lucraco.cz\/domaci-koupani\/","datePublished":"2025-10-20","dateModified":"2025-10-20","mainEntityOfPage":"https:\/\/www.lucraco.cz\/domaci-koupani\/","author":{"@type":"Person","@id":"https:\/\/www.lucraco.cz\/author\/#Person","name":"","url":"https:\/\/www.lucraco.cz\/author\/","identifier":1,"image":{"@type":"ImageObject","@id":"https:\/\/secure.gravatar.com\/avatar\/046c8368865b87ac6ea06cde0e0a80b91304a43fe31de210702ad59bbd9a1974?s=96&d=mm&r=g","url":"https:\/\/secure.gravatar.com\/avatar\/046c8368865b87ac6ea06cde0e0a80b91304a43fe31de210702ad59bbd9a1974?s=96&d=mm&r=g","height":96,"width":96}},"publisher":{"@type":"Organization","name":"lucraco.cz","logo":{"@type":"ImageObject","@id":"\/logo.png","url":"\/logo.png","width":600,"height":60}},"image":{"@type":"ImageObject","@id":"https:\/\/www.lucraco.cz\/wp-content\/uploads\/bathroom_pool_summer_float.jpg","url":"https:\/\/www.lucraco.cz\/wp-content\/uploads\/bathroom_pool_summer_float.jpg","height":0,"width":0},"wordCount":614,"keywords":null},{"@type":"Article","@id":"https:\/\/www.lucraco.cz\/vape\/","headline":"Vape","url":"https:\/\/www.lucraco.cz\/vape\/","datePublished":"2025-07-09","dateModified":"2025-07-09","mainEntityOfPage":"https:\/\/www.lucraco.cz\/vape\/","author":{"@type":"Person","@id":"https:\/\/www.lucraco.cz\/author\/#Person","name":"","url":"https:\/\/www.lucraco.cz\/author\/","identifier":1,"image":{"@type":"ImageObject","@id":"https:\/\/secure.gravatar.com\/avatar\/046c8368865b87ac6ea06cde0e0a80b91304a43fe31de210702ad59bbd9a1974?s=96&d=mm&r=g","url":"https:\/\/secure.gravatar.com\/avatar\/046c8368865b87ac6ea06cde0e0a80b91304a43fe31de210702ad59bbd9a1974?s=96&d=mm&r=g","height":96,"width":96}},"publisher":{"@type":"Organization","name":"lucraco.cz","logo":{"@type":"ImageObject","@id":"\/logo.png","url":"\/logo.png","width":600,"height":60}},"image":{"@type":"ImageObject","@id":"https:\/\/www.lucraco.cz\/wp-content\/uploads\/e-cigarette-1301670_640_4.jpg","url":"https:\/\/www.lucraco.cz\/wp-content\/uploads\/e-cigarette-1301670_640_4.jpg","height":0,"width":0},"wordCount":551,"keywords":null},{"@type":"Article","@id":"https:\/\/www.lucraco.cz\/vymahani-pohledavek\/","headline":"Vym\u00e1h\u00e1n\u00ed pohled\u00e1vek","url":"https:\/\/www.lucraco.cz\/vymahani-pohledavek\/","datePublished":"2025-04-26","dateModified":"2025-04-26","mainEntityOfPage":"https:\/\/www.lucraco.cz\/vymahani-pohledavek\/","author":{"@type":"Person","@id":"https:\/\/www.lucraco.cz\/author\/#Person","name":"","url":"https:\/\/www.lucraco.cz\/author\/","identifier":1,"image":{"@type":"ImageObject","@id":"https:\/\/secure.gravatar.com\/avatar\/046c8368865b87ac6ea06cde0e0a80b91304a43fe31de210702ad59bbd9a1974?s=96&d=mm&r=g","url":"https:\/\/secure.gravatar.com\/avatar\/046c8368865b87ac6ea06cde0e0a80b91304a43fe31de210702ad59bbd9a1974?s=96&d=mm&r=g","height":96,"width":96}},"publisher":{"@type":"Organization","name":"lucraco.cz","logo":{"@type":"ImageObject","@id":"\/logo.png","url":"\/logo.png","width":600,"height":60}},"image":null,"wordCount":247,"keywords":null},{"@type":"Article","@id":"https:\/\/www.lucraco.cz\/na-bolesti-vaseho-zivota-muze-fungovat-relaxacni-vikend\/","headline":"Na bolesti Va\u0161eho \u017eivota m\u016f\u017ee fungovat relaxa\u010dn\u00ed v\u00edkend","url":"https:\/\/www.lucraco.cz\/na-bolesti-vaseho-zivota-muze-fungovat-relaxacni-vikend\/","datePublished":"2025-04-17","dateModified":"2025-04-17","mainEntityOfPage":"https:\/\/www.lucraco.cz\/na-bolesti-vaseho-zivota-muze-fungovat-relaxacni-vikend\/","author":{"@type":"Person","@id":"https:\/\/www.lucraco.cz\/author\/#Person","name":"","url":"https:\/\/www.lucraco.cz\/author\/","identifier":1,"image":{"@type":"ImageObject","@id":"https:\/\/secure.gravatar.com\/avatar\/046c8368865b87ac6ea06cde0e0a80b91304a43fe31de210702ad59bbd9a1974?s=96&d=mm&r=g","url":"https:\/\/secure.gravatar.com\/avatar\/046c8368865b87ac6ea06cde0e0a80b91304a43fe31de210702ad59bbd9a1974?s=96&d=mm&r=g","height":96,"width":96}},"publisher":{"@type":"Organization","name":"lucraco.cz","logo":{"@type":"ImageObject","@id":"\/logo.png","url":"\/logo.png","width":600,"height":60}},"image":null,"wordCount":262,"keywords":null},{"@type":"Article","@id":"https:\/\/www.lucraco.cz\/poridte-si-do-vaseho-noveho-domu-kvalitni-ceska-drevena-okna\/","headline":"Po\u0159i\u010fte si do va\u0161eho nov\u00e9ho domu kvalitn\u00ed \u010desk\u00e1 d\u0159ev\u011bn\u00e1 okna!","url":"https:\/\/www.lucraco.cz\/poridte-si-do-vaseho-noveho-domu-kvalitni-ceska-drevena-okna\/","datePublished":"2025-04-10","dateModified":"2025-04-10","mainEntityOfPage":"https:\/\/www.lucraco.cz\/poridte-si-do-vaseho-noveho-domu-kvalitni-ceska-drevena-okna\/","author":{"@type":"Person","@id":"https:\/\/www.lucraco.cz\/author\/#Person","name":"","url":"https:\/\/www.lucraco.cz\/author\/","identifier":1,"image":{"@type":"ImageObject","@id":"https:\/\/secure.gravatar.com\/avatar\/046c8368865b87ac6ea06cde0e0a80b91304a43fe31de210702ad59bbd9a1974?s=96&d=mm&r=g","url":"https:\/\/secure.gravatar.com\/avatar\/046c8368865b87ac6ea06cde0e0a80b91304a43fe31de210702ad59bbd9a1974?s=96&d=mm&r=g","height":96,"width":96}},"publisher":{"@type":"Organization","name":"lucraco.cz","logo":{"@type":"ImageObject","@id":"\/logo.png","url":"\/logo.png","width":600,"height":60}},"image":null,"wordCount":212,"keywords":null},{"@type":"Article","@id":"https:\/\/www.lucraco.cz\/predstaveni-na-ktere-nezapomenete\/","headline":"P\u0159edstaven\u00ed, na kter\u00e9 nezapomenete","url":"https:\/\/www.lucraco.cz\/predstaveni-na-ktere-nezapomenete\/","datePublished":"2025-04-01","dateModified":"2025-04-01","mainEntityOfPage":"https:\/\/www.lucraco.cz\/predstaveni-na-ktere-nezapomenete\/","author":{"@type":"Person","@id":"https:\/\/www.lucraco.cz\/author\/#Person","name":"","url":"https:\/\/www.lucraco.cz\/author\/","identifier":1,"image":{"@type":"ImageObject","@id":"https:\/\/secure.gravatar.com\/avatar\/046c8368865b87ac6ea06cde0e0a80b91304a43fe31de210702ad59bbd9a1974?s=96&d=mm&r=g","url":"https:\/\/secure.gravatar.com\/avatar\/046c8368865b87ac6ea06cde0e0a80b91304a43fe31de210702ad59bbd9a1974?s=96&d=mm&r=g","height":96,"width":96}},"publisher":{"@type":"Organization","name":"lucraco.cz","logo":{"@type":"ImageObject","@id":"\/logo.png","url":"\/logo.png","width":600,"height":60}},"image":null,"wordCount":212,"keywords":null},{"@type":"Article","@id":"https:\/\/www.lucraco.cz\/vedeni-ucetnictvi\/","headline":"Veden\u00ed \u00fa\u010detnictv\u00ed","url":"https:\/\/www.lucraco.cz\/vedeni-ucetnictvi\/","datePublished":"2025-03-25","dateModified":"2025-03-25","mainEntityOfPage":"https:\/\/www.lucraco.cz\/vedeni-ucetnictvi\/","author":{"@type":"Person","@id":"https:\/\/www.lucraco.cz\/author\/#Person","name":"","url":"https:\/\/www.lucraco.cz\/author\/","identifier":1,"image":{"@type":"ImageObject","@id":"https:\/\/secure.gravatar.com\/avatar\/046c8368865b87ac6ea06cde0e0a80b91304a43fe31de210702ad59bbd9a1974?s=96&d=mm&r=g","url":"https:\/\/secure.gravatar.com\/avatar\/046c8368865b87ac6ea06cde0e0a80b91304a43fe31de210702ad59bbd9a1974?s=96&d=mm&r=g","height":96,"width":96}},"publisher":{"@type":"Organization","name":"lucraco.cz","logo":{"@type":"ImageObject","@id":"\/logo.png","url":"\/logo.png","width":600,"height":60}},"image":null,"wordCount":259,"keywords":null},{"@type":"Article","@id":"https:\/\/www.lucraco.cz\/ulevte-vasemu-zdravi-i-penezence\/","headline":"Ulevte va\u0161emu zdrav\u00ed i pen\u011b\u017eence","url":"https:\/\/www.lucraco.cz\/ulevte-vasemu-zdravi-i-penezence\/","datePublished":"2025-03-15","dateModified":"2025-03-15","mainEntityOfPage":"https:\/\/www.lucraco.cz\/ulevte-vasemu-zdravi-i-penezence\/","author":{"@type":"Person","@id":"https:\/\/www.lucraco.cz\/author\/#Person","name":"","url":"https:\/\/www.lucraco.cz\/author\/","identifier":1,"image":{"@type":"ImageObject","@id":"https:\/\/secure.gravatar.com\/avatar\/046c8368865b87ac6ea06cde0e0a80b91304a43fe31de210702ad59bbd9a1974?s=96&d=mm&r=g","url":"https:\/\/secure.gravatar.com\/avatar\/046c8368865b87ac6ea06cde0e0a80b91304a43fe31de210702ad59bbd9a1974?s=96&d=mm&r=g","height":96,"width":96}},"publisher":{"@type":"Organization","name":"lucraco.cz","logo":{"@type":"ImageObject","@id":"\/logo.png","url":"\/logo.png","width":600,"height":60}},"image":null,"wordCount":180,"keywords":null},{"@type":"Article","@id":"https:\/\/www.lucraco.cz\/pujcovna-karavanu\/","headline":"P\u016fj\u010dovna karavan\u016f","url":"https:\/\/www.lucraco.cz\/pujcovna-karavanu\/","datePublished":"2025-03-09","dateModified":"2025-03-09","mainEntityOfPage":"https:\/\/www.lucraco.cz\/pujcovna-karavanu\/","author":{"@type":"Person","@id":"https:\/\/www.lucraco.cz\/author\/#Person","name":"","url":"https:\/\/www.lucraco.cz\/author\/","identifier":1,"image":{"@type":"ImageObject","@id":"https:\/\/secure.gravatar.com\/avatar\/046c8368865b87ac6ea06cde0e0a80b91304a43fe31de210702ad59bbd9a1974?s=96&d=mm&r=g","url":"https:\/\/secure.gravatar.com\/avatar\/046c8368865b87ac6ea06cde0e0a80b91304a43fe31de210702ad59bbd9a1974?s=96&d=mm&r=g","height":96,"width":96}},"publisher":{"@type":"Organization","name":"lucraco.cz","logo":{"@type":"ImageObject","@id":"\/logo.png","url":"\/logo.png","width":600,"height":60}},"image":null,"wordCount":225,"keywords":null}]},{"@context":"https:\/\/schema.org","@type":"WebSite","@id":"https:\/\/www.lucraco.cz\/#website","name":"Lucraco","url":"https:\/\/www.lucraco.cz","potentialAction":{"@type":"SearchAction","target":"https:\/\/www.lucraco.cz\/?s={search_term_string}","query-input":"required name=search_term_string"}}]